{"id":141118,"date":"2022-02-17T09:02:57","date_gmt":"2022-02-17T14:02:57","guid":{"rendered":"https:\/\/linitiative.ca\/International\/retrait-de-barkhane-du-mali-nous-serons-obliges-dacheter-des-armes-selon-le-president-ivoirien-alassane-ouattara\/"},"modified":"2022-02-17T09:02:57","modified_gmt":"2022-02-17T14:02:57","slug":"retrait-de-barkhane-du-mali-nous-serons-obliges-dacheter-des-armes-selon-le-president-ivoirien-alassane-ouattara","status":"publish","type":"post","link":"https:\/\/linitiative.ca\/International\/retrait-de-barkhane-du-mali-nous-serons-obliges-dacheter-des-armes-selon-le-president-ivoirien-alassane-ouattara\/","title":{"rendered":"Retrait de Barkhane du Mali\u00a0: \u00abNous serons oblig\u00e9s d\u2019acheter des armes\u00a0\u00bb, selon le pr\u00e9sident ivoirien Alassane Ouattara"},"content":{"rendered":"<div>\n<p>Apr\u00e8s la chute du pr\u00e9sident Ibrahim Boubacar Keita(IBK), la junte au pouvoir au Mali ne voit pas d\u2019un bon \u0153il la \u00a0pr\u00e9sence militaire occidentale sur son sol \u00e0 cause des r\u00e9sultats mitig\u00e9s de l\u2019op\u00e9ration Barkhane. Pour reconqu\u00e9rir les territoires maliens tomb\u00e9s entre les mains des terroristes, les militaires au pouvoir ont fait appel \u00e0 des partenaires russes. Col\u00e8re de la France et de \u00a0ses partenaires europ\u00e9ens qui d\u00e9noncent plut\u00f4t un appel aux mercenaires de la soci\u00e9t\u00e9 Wagner. C\u2019est la crise entre le Mali et la France. Ce contexte de tensions est mont\u00e9 d\u2019un cran avec l\u2019expulsion de l\u2019ambassadeur de France \u00e0 Bamako, Jo\u00ebl Meyer. Alors la France et ses partenaires europ\u00e9ens, il est temps d\u2019envisager le retrait de leurs troupes engag\u00e9es au Mali dans la lutte contre le terrorisme \u00e0 travers Barkhane et Takuba. Cette volont\u00e9 de retrait a \u00e9t\u00e9 ent\u00e9rin\u00e9e, mercredi 16 f\u00e9vrier 2022, lors d\u2019une r\u00e9union de plusieurs chefs d\u2019Etat africains et europ\u00e9ens autour du pr\u00e9sident fran\u00e7ais Emmanuel Macron. Interrog\u00e9 sur la situation par nos confr\u00e8res de RFI et France 24, le pr\u00e9sident ivoirien Alassane Ouattara a affirm\u00e9 que \u00a0le d\u00e9part\u00a0 des troupes fran\u00e7aises et europ\u00e9ennes du Mali \u2018\u2019cr\u00e9e un vide\u2019\u2019. Ce qui force, a-t-il poursuivi, les arm\u00e9es ouest-africaines \u00e0 \u00eatre en premi\u00e8re ligne dans la lutte contre le jihadisme au Sahel. <em>\u00ab\u00a0Le d\u00e9part de Barkhane et Takuba cr\u00e9e un vide. Nous serons oblig\u00e9s d\u2019acheter des armes, d\u2019avoir une plus grande professionnalisation mais c\u2019est notre devoir aussi. Les arm\u00e9es nationales doivent r\u00e9gler les probl\u00e8mes sur nos territoires nationaux et c\u2019est cela notre philosophie<\/em>\u00a0\u00bb, a affirm\u00e9 M. Ouattara. \u00a0\u00a0<em>\u00ab\u00a0Nous serons oblig\u00e9s d\u2019augmenter nos forces de d\u00e9fense, nous serons oblig\u00e9s d\u2019accroitre la protection de nos fronti\u00e8res. Nous prendrons toutes les mesures possibles (\u2026) sans s\u00e9curit\u00e9, il n\u2019y aura pas de d\u00e9veloppement\u00a0\u00bb,<\/em> a-t-il ajout\u00e9.<\/p>\n<p>AK<\/p>\n<p>L\u2019article <a rel=\"nofollow\" href=\"https:\/\/www.sidwaya.info\/blog\/2022\/02\/17\/retrait-de-barkhane-du-mali-nous-serons-obliges-dacheter-des-armes-selon-le-president-ivoirien-alassane-ouattara\/\">Retrait de Barkhane du Mali\u00a0: \u00abNous serons oblig\u00e9s d\u2019acheter des armes\u00a0\u00bb, selon le pr\u00e9sident ivoirien Alassane Ouattara<\/a> est apparu en premier sur <a rel=\"nofollow\" href=\"https:\/\/www.sidwaya.info\/\">Quotidien Sidwaya<\/a>.<\/p>\n<\/div>\n<p>Auteur: BANGRE SIDWAYA<br \/>\n<a href=\"https:\/\/www.sidwaya.info\/blog\/2022\/02\/17\/retrait-de-barkhane-du-mali-nous-serons-obliges-dacheter-des-armes-selon-le-president-ivoirien-alassane-ouattara\/?utm_source=rss&#038;utm_medium=rss&#038;utm_campaign=retrait-de-barkhane-du-mali-nous-serons-obliges-dacheter-des-armes-selon-le-president-ivoirien-alassane-ouattara\">Cliquez ici pour lire l&rsquo;article depuis sa source.<\/a><\/p>\n","protected":false},"excerpt":{"rendered":"<p>Apr\u00e8s la chute du pr\u00e9sident Ibrahim Boubacar Keita(IBK), la junte au pouvoir au Mali ne voit pas d\u2019un bon \u0153il la \u00a0pr\u00e9sence militaire occidentale sur son sol \u00e0 cause des r\u00e9sultats mitig\u00e9s de l\u2019op\u00e9ration Barkhane. Pour reconqu\u00e9rir les territoires maliens tomb\u00e9s entre les mains des terroristes, les militaires au pouvoir ont fait appel \u00e0 des [&hellip;]<\/p>\n","protected":false},"author":1816,"featured_media":0,"comment_status":"closed","ping_status":"closed","sticky":false,"template":"","format":"standard","meta":{"fifu_image_url":"","fifu_image_alt":"","footnotes":""},"categories":[73,81],"tags":[],"class_list":["post-141118","post","type-post","status-publish","format-standard","hentry","category-actualite","category-burkina-faso"],"_links":{"self":[{"href":"https:\/\/linitiative.ca\/International\/wp-json\/wp\/v2\/posts\/141118","targetHints":{"allow":["GET"]}}],"collection":[{"href":"https:\/\/linitiative.ca\/International\/wp-json\/wp\/v2\/posts"}],"about":[{"href":"https:\/\/linitiative.ca\/International\/wp-json\/wp\/v2\/types\/post"}],"author":[{"embeddable":true,"href":"https:\/\/linitiative.ca\/International\/wp-json\/wp\/v2\/users\/1816"}],"replies":[{"embeddable":true,"href":"https:\/\/linitiative.ca\/International\/wp-json\/wp\/v2\/comments?post=141118"}],"version-history":[{"count":0,"href":"https:\/\/linitiative.ca\/International\/wp-json\/wp\/v2\/posts\/141118\/revisions"}],"wp:attachment":[{"href":"https:\/\/linitiative.ca\/International\/wp-json\/wp\/v2\/media?parent=141118"}],"wp:term":[{"taxonomy":"category","embeddable":true,"href":"https:\/\/linitiative.ca\/International\/wp-json\/wp\/v2\/categories?post=141118"},{"taxonomy":"post_tag","embeddable":true,"href":"https:\/\/linitiative.ca\/International\/wp-json\/wp\/v2\/tags?post=141118"}],"curies":[{"name":"wp","href":"https:\/\/api.w.org\/{rel}","templated":true}]}}