{"id":141119,"date":"2022-02-17T12:38:16","date_gmt":"2022-02-17T17:38:16","guid":{"rendered":"https:\/\/linitiative.ca\/International\/gazoduc-transsaharien-le-niger-lalgerie-et-le-nigeria-ont-signe-a-niamey-une-declaration-tripartite-pour-la-relance-du-projet\/"},"modified":"2022-02-17T12:38:16","modified_gmt":"2022-02-17T17:38:16","slug":"gazoduc-transsaharien-le-niger-lalgerie-et-le-nigeria-ont-signe-a-niamey-une-declaration-tripartite-pour-la-relance-du-projet","status":"publish","type":"post","link":"https:\/\/linitiative.ca\/International\/gazoduc-transsaharien-le-niger-lalgerie-et-le-nigeria-ont-signe-a-niamey-une-declaration-tripartite-pour-la-relance-du-projet\/","title":{"rendered":"Gazoduc Transsaharien\u00a0: Le Niger, l\u2019Alg\u00e9rie et le Nig\u00e9ria ont sign\u00e9 \u00e0 Niamey une d\u00e9claration tripartite pour la relance du projet"},"content":{"rendered":"<div>\n<p><strong>Selon un communiqu\u00e9 parvenu \u00e0 Sidwaya ce jeudi 17 f\u00e9vrier 2022, le Niger, l\u2019Alg\u00e9rie et le Nig\u00e9ria ont sign\u00e9 la \u00ab\u00a0D\u00e9claration de Niamey\u00a0\u00bb lors de la 3eme \u00e9dition du Forum minier et p\u00e9trolier (ECOMOF) de la Communaut\u00e9 \u00e9conomique des \u00c9tats de l\u2019Afrique de l\u2019Ouest (CEDEAO) tenu \u00e0 Niamey le 16 f\u00e9vrier 2022.<\/strong><\/p>\n<p>Le Ministre nig\u00e9rien en charge du p\u00e9trole, de l\u2019Energie, Mahamane Sani Mahamadou et ses homologues du Nigeria en charge des ressources p\u00e9troli\u00e8res, Chief Timipre Sylva et celui de l\u2019Alg\u00e9rie en charge de l\u2019\u00e9nergie et des mines, M. Arkab Mohamed ont, \u00e0 l\u2019issue d\u2019une r\u00e9union tripartite tenue, hier mercredi 16 f\u00e9vrier 2022 \u00e0 Niamey, proc\u00e9d\u00e9 \u00e0 la signature d\u2019une d\u00e9claration tripartite pour la relance du projet du Gazoduc Transsaharien.<\/p>\n<p>Selon le ministre nig\u00e9rien Mahamane Sani Mahamadou, le projet du Gazoduc transsaharien, qui relie le Nig\u00e9ria \u00e0 l\u2019Alg\u00e9rie via le Niger pour transporter du gaz naturel vers l\u2019Europe occidentale, permettra au Niger d\u2019avoir un acc\u00e8s facile au Gaz et aussi d\u2019avoir la possibilit\u00e9 de se connecter \u00e0 ce Gazoduc pour mettre son Gaz sur le march\u00e9 international.<\/p>\n<p><strong>mat\u00e9rialiser les engagements<\/strong><\/p>\n<p>Pour Sani Mahamadou, c\u2019est ensemble qu\u2019ils ont d\u00e9cid\u00e9 de l\u2019occasion qui leur a \u00e9t\u00e9 offerte en marge de la 3eme \u00e9dition de l\u2019ECOMOF 2022 que le Niger organise pour avoir \u00ab\u00a0<em>cette r\u00e9union tripartite afin de mat\u00e9rialiser les engagements qu\u2019ils ont pris tout au long de leurs discussions bilat\u00e9rales de ses derniers mois<\/em>\u00a0\u00bb.<\/p>\n<p>Ainsi, \u00ab\u00a0Je fonde l\u2019espoir qu\u2019ici \u00e0 Niamey nous puissions d\u00e9clarer la volont\u00e9 de toutes les parties \u00e0 r\u00e9activer et \u00e0 mener \u00e0 terme ce projet ci important pour nos trois pays\u2019\u2019 a souhait\u00e9 le Ministre Mahamane Sani Mahamadou du Niger.<\/p>\n<p>Pour sa part, le Ministre des ressources p\u00e9troli\u00e8res du Nigeria, Chief Timipre Sylva a affirm\u00e9 que le projet de Gazoduc est un projet qui a \u00e9t\u00e9 \u00e9tabli depuis de tr\u00e8s longue date. Selon lui,\u00a0le Nigeria est tr\u00e8s engag\u00e9 dans la concr\u00e9tisation de ce projet. Pour preuve,\u00a0\u00ab\u00a0Mon pays a commenc\u00e9 la plus grande construction dans le sens de ce projet Gazoduc\u00a0\u00bb, s\u2019est-il justifi\u00e9.<\/p>\n<p>Quant au Ministre Alg\u00e9rien de l\u2019\u00e9nergie et des mines, Arkab Mohamed, il a d\u00e9clar\u00e9\u00a0que la r\u00e9ussite de ce projet permettra le d\u00e9veloppement des trois pays. \u00ab\u00a0C\u2019est aussi le d\u00e9veloppement des r\u00e9gions o\u00f9 va passer ce transsaharien, du Nigeria en passant par le Niger avant d\u2019arriver \u00e0 Hassi R\u2019mel, en Alg\u00e9rie\u00a0\u00bb, a pr\u00e9cis\u00e9 Arkab Mohamed.<\/p>\n<p>Il a par ailleurs que Ce \u00a0projet tr\u00e8s important est une priorit\u00e9 pour Alg\u00e9rie en priorit\u00e9. \u00ab\u00a0Nous donnons \u00e0 ce projet l\u2019importance qu\u2019il doit avoir pour r\u00e9ussir et pour \u00eatre dans le d\u00e9lai\u00a0\u00bb, a-t-il promis.<\/p>\n<p>Cette rencontre s\u2019est d\u00e9roul\u00e9e en pr\u00e9sence du secr\u00e9taire g\u00e9n\u00e9ral de l\u2019Organisation des Producteurs de P\u00e9trole Africains, M. Omar Farouk Ibrahim.<\/p>\n<p>En rappel, le gazoduc transsaharien a, d\u2019apr\u00e8s les \u00e9tudes jusque-l\u00e0 r\u00e9alis\u00e9es, une longueur de 4.128 kilom\u00e8tres et sa capacit\u00e9 annuelle sera de 30.000 m\u00e8tres cubes. Il partira de Warri au Nigeria et aboutira \u00e0 Hassi R\u2019Mel en Alg\u00e9rie en passant par le Niger et entre en Europe par un raccordement \u00e0 l\u2019Italie et \u00e0 la France.<\/p>\n<p>SOURCE<br \/>\nAfrican Energy Chamber<\/p>\n<p>L\u2019article <a rel=\"nofollow\" href=\"https:\/\/www.sidwaya.info\/blog\/2022\/02\/17\/gazoduc-transsaharien-le-niger-lalgerie-et-le-nigeria-ont-signe-a-niamey-une-declaration-tripartite-pour-la-relance-du-projet\/\">Gazoduc Transsaharien\u00a0: Le Niger, l\u2019Alg\u00e9rie et le Nig\u00e9ria ont sign\u00e9 \u00e0 Niamey une d\u00e9claration tripartite pour la relance du projet<\/a> est apparu en premier sur <a rel=\"nofollow\" href=\"https:\/\/www.sidwaya.info\/\">Quotidien Sidwaya<\/a>.<\/p>\n<\/div>\n<p>Auteur: BANGRE SIDWAYA<br \/>\n<a href=\"https:\/\/www.sidwaya.info\/blog\/2022\/02\/17\/gazoduc-transsaharien-le-niger-lalgerie-et-le-nigeria-ont-signe-a-niamey-une-declaration-tripartite-pour-la-relance-du-projet\/?utm_source=rss&#038;utm_medium=rss&#038;utm_campaign=gazoduc-transsaharien-le-niger-lalgerie-et-le-nigeria-ont-signe-a-niamey-une-declaration-tripartite-pour-la-relance-du-projet\">Cliquez ici pour lire l&rsquo;article depuis sa source.<\/a><\/p>\n","protected":false},"excerpt":{"rendered":"<p>Selon un communiqu\u00e9 parvenu \u00e0 Sidwaya ce jeudi 17 f\u00e9vrier 2022, le Niger, l\u2019Alg\u00e9rie et le Nig\u00e9ria ont sign\u00e9 la \u00ab\u00a0D\u00e9claration de Niamey\u00a0\u00bb lors de la 3eme \u00e9dition du Forum minier et p\u00e9trolier (ECOMOF) de la Communaut\u00e9 \u00e9conomique des \u00c9tats de l\u2019Afrique de l\u2019Ouest (CEDEAO) tenu \u00e0 Niamey le 16 f\u00e9vrier 2022. Le Ministre nig\u00e9rien [&hellip;]<\/p>\n","protected":false},"author":1816,"featured_media":0,"comment_status":"closed","ping_status":"closed","sticky":false,"template":"","format":"standard","meta":{"fifu_image_url":"","fifu_image_alt":"","footnotes":""},"categories":[73,81],"tags":[],"class_list":["post-141119","post","type-post","status-publish","format-standard","hentry","category-actualite","category-burkina-faso"],"_links":{"self":[{"href":"https:\/\/linitiative.ca\/International\/wp-json\/wp\/v2\/posts\/141119","targetHints":{"allow":["GET"]}}],"collection":[{"href":"https:\/\/linitiative.ca\/International\/wp-json\/wp\/v2\/posts"}],"about":[{"href":"https:\/\/linitiative.ca\/International\/wp-json\/wp\/v2\/types\/post"}],"author":[{"embeddable":true,"href":"https:\/\/linitiative.ca\/International\/wp-json\/wp\/v2\/users\/1816"}],"replies":[{"embeddable":true,"href":"https:\/\/linitiative.ca\/International\/wp-json\/wp\/v2\/comments?post=141119"}],"version-history":[{"count":0,"href":"https:\/\/linitiative.ca\/International\/wp-json\/wp\/v2\/posts\/141119\/revisions"}],"wp:attachment":[{"href":"https:\/\/linitiative.ca\/International\/wp-json\/wp\/v2\/media?parent=141119"}],"wp:term":[{"taxonomy":"category","embeddable":true,"href":"https:\/\/linitiative.ca\/International\/wp-json\/wp\/v2\/categories?post=141119"},{"taxonomy":"post_tag","embeddable":true,"href":"https:\/\/linitiative.ca\/International\/wp-json\/wp\/v2\/tags?post=141119"}],"curies":[{"name":"wp","href":"https:\/\/api.w.org\/{rel}","templated":true}]}}