{"id":141122,"date":"2022-02-17T11:58:05","date_gmt":"2022-02-17T16:58:05","guid":{"rendered":"https:\/\/linitiative.ca\/International\/cameroun-un-sous-prefet-interrompt-la-formation-des-militants-de-lopposition\/"},"modified":"2022-02-17T11:58:05","modified_gmt":"2022-02-17T16:58:05","slug":"cameroun-un-sous-prefet-interrompt-la-formation-des-militants-de-lopposition","status":"publish","type":"post","link":"https:\/\/linitiative.ca\/International\/cameroun-un-sous-prefet-interrompt-la-formation-des-militants-de-lopposition\/","title":{"rendered":"Cameroun : un sous-pr\u00e9fet interrompt la formation des militants de l\u2019opposition"},"content":{"rendered":"<div>\n<p><img decoding=\"async\" width=\"698\" height=\"405\" src=\"https:\/\/linitiative.ca\/International\/wp-content\/uploads\/sites\/23\/2022\/02\/Interdiction-de-manifestation-Douala.jpg\" class=\"attachment-post-thumbnail size-post-thumbnail wp-post-image\" alt=\"La formation des militants du Mrc et du Sdf interdite \u00e0 Douala Cameroun\" loading=\"lazy\" srcset=\"https:\/\/linitiative.ca\/International\/wp-content\/uploads\/sites\/23\/2022\/02\/Interdiction-de-manifestation-Douala.jpg 698w, https:\/\/www.journalducameroun.com\/wp-content\/uploads\/2022\/02\/Interdiction-de-manifestation-Douala-300x174.jpg 300w, https:\/\/www.journalducameroun.com\/wp-content\/uploads\/2022\/02\/Interdiction-de-manifestation-Douala-600x348.jpg 600w\" sizes=\"auto, (max-width: 698px) 100vw, 698px\"><\/p>\n<h2 style=\"text-align: justify;\">L\u2019autorit\u00e9 administrative de l\u2019arrondissement de Douala 4\u00e8 interdit \u00ab\u00a0un s\u00e9minaire de formation\u00a0\u00bb des militants du Mouvement pour la renaissance du Cameroun (Mrc) et du Social democratic front (Sdf).<\/h2>\n<p style=\"text-align: justify;\">La \u00ab\u00a0<em>formation en communication politique<\/em>\u00a0\u00bb organis\u00e9e par Fondation Friedrich-Ebert \u00e0 <strong>Douala<\/strong> n\u2019aura pas lieu. Le sous-pr\u00e9fet de l\u2019arrondissement de Douala 4\u00e8 a sign\u00e9 un acte administratif portant \u00ab\u00a0<em>interdiction de manifestation publique du 16 au 18 janvier 2022 \u00e0 DK H\u00f4tel Bonaberi Douala 4<sup>e<\/sup><\/em>\u00a0\u00bb.<\/p>\n<p style=\"text-align: justify;\">Pour l\u2019application effective de cette d\u00e9cision, le repr\u00e9sentant du gouvernement a interpell\u00e9 \u00ab\u00a0<em>le commandant de Brigade territoriale de gendarmerie de Bonaberi 1, le commissaire de s\u00e9curit\u00e9 publique du 5<\/em>e\u00a0arrondissement de la ville de Douala, le commissaire sp\u00e9cial et chef d\u2019antenne op\u00e9rationnelle de la surveillance du territoire de Douala 4<sup>e<\/sup>\u00a0\u00bb, en les mettant face \u00e0 leurs responsabilit\u00e9s.<\/p>\n<p style=\"text-align: justify;\">C\u2019est dans cette optique que l\u2019autorit\u00e9 administrative a fait une descente sur le terrain mercredi 16 f\u00e9vrier 2022. Accompagn\u00e9 des policiers et gendarmes, il a \u00ab\u00a0<em>expuls\u00e9 tout le monde. Il a menac\u00e9 que tout participant qui entre dans la salle sera interpell\u00e9 et envoy\u00e9 manu militari \u00e0 Yaound\u00e9<\/em>\u00a0\u00bb, a t\u00e9moign\u00e9 un militant du <strong>Sdf<\/strong>.<\/p>\n<p style=\"text-align: justify;\">Ce n\u2019est pas la premi\u00e8re fois qu\u2019un rassemblement impliquant un acteur de l\u2019opposition est dispers\u00e9 ou emp\u00each\u00e9 \u00e0 Douala. Le 30 novembre 2021, <strong>Maurice Kamto<\/strong> a tenu un meeting improvis\u00e9 au si\u00e8ge de son parti dans la ville. Ce qui lui a attir\u00e9 des ennuis du r\u00e9gime.<\/p>\n<p style=\"text-align: justify;\">Le 1<sup>er<\/sup> d\u00e9cembre 2022, les policiers ont entour\u00e9 l\u2019H\u00f4tel la Vall\u00e9e o\u00f9 s\u00e9journait l\u2019homme politique. Le lendemain, les forces de maintien de l\u2019ordre ont \u00a0barr\u00e9 les rues qui m\u00e8nent au restaurant \u00ab\u00a0La Chaumi\u00e8re\u00a0\u00bb, lieu o\u00f9 devait se tenir la c\u00e9r\u00e9monie de d\u00e9dicace des derniers livres de l\u2019enseignant chercheur en droit.<\/p>\n<p style=\"text-align: justify;\">Or, une c\u00e9r\u00e9monie similaire \u00e0 celle emp\u00each\u00e9e \u00e0 Douala, s\u2019est tenue quelques jours avant dans la capitale <strong>politique<\/strong> du <strong>Cameroun<\/strong>. L\u2019universitaire a proc\u00e9d\u00e9 \u00e0 la d\u00e9dicace de ses ouvrages sans incident dans la ville de Yaound\u00e9. Ainsi consid\u00e9r\u00e9e comme persona non grata, c\u2019est sous escorte polici\u00e8re que le leader du <strong>Mrc<\/strong> a quitt\u00e9 la ville de Douala le 02 novembre 2022.<\/p>\n<p style=\"text-align: justify;\">Ces faits et bien d\u2019autres encore constituent selon les partis politiques, des actes de violation des libert\u00e9s et d\u2019autres visant \u00e0 museler l\u2019opposition au Cameroun. Cependant, les autorit\u00e9s mettent en avant le risque de trouble \u00e0 l\u2019ordre public, ou de menace \u00e0 la paix, l\u2019unit\u00e9 et la coh\u00e9sion nationale.<\/p>\n<p>Cet article <a rel=\"nofollow\" href=\"https:\/\/www.journalducameroun.com\/cameroun-un-sous-prefet-interrompt-la-formation-des-militants-de-lopposition\/\">Cameroun : un sous-pr\u00e9fet interrompt la formation des militants de l\u2019opposition<\/a> est apparu en premier sur <a rel=\"nofollow\" href=\"https:\/\/www.journalducameroun.com\/\">Journal du Cameroun<\/a>.<\/p>\n<\/div>\n<p>Auteur: Arnaud MAWEL<br \/>\n<a href=\"https:\/\/www.journalducameroun.com\/cameroun-un-sous-prefet-interrompt-la-formation-des-militants-de-lopposition\/\">Cliquez ici pour lire l&rsquo;article depuis sa source.<\/a><\/p>\n","protected":false},"excerpt":{"rendered":"<p>L\u2019autorit\u00e9 administrative de l\u2019arrondissement de Douala 4\u00e8 interdit \u00ab\u00a0un s\u00e9minaire de formation\u00a0\u00bb des militants du Mouvement pour la renaissance du Cameroun (Mrc) et du Social democratic front (Sdf). La \u00ab\u00a0formation en communication politique\u00a0\u00bb organis\u00e9e par Fondation Friedrich-Ebert \u00e0 Douala n\u2019aura pas lieu. Le sous-pr\u00e9fet de l\u2019arrondissement de Douala 4\u00e8 a sign\u00e9 un acte administratif portant [&hellip;]<\/p>\n","protected":false},"author":1965,"featured_media":0,"comment_status":"closed","ping_status":"closed","sticky":false,"template":"","format":"standard","meta":{"fifu_image_url":"https:\/\/www.journalducameroun.com\/wp-content\/uploads\/2022\/02\/Interdiction-de-manifestation-Douala.jpg","fifu_image_alt":"Cameroun : un sous-pr\u00e9fet interrompt la formation des militants de l\u2019opposition","footnotes":""},"categories":[73,82],"tags":[],"class_list":["post-141122","post","type-post","status-publish","format-standard","hentry","category-actualite","category-cameroun"],"_links":{"self":[{"href":"https:\/\/linitiative.ca\/International\/wp-json\/wp\/v2\/posts\/141122","targetHints":{"allow":["GET"]}}],"collection":[{"href":"https:\/\/linitiative.ca\/International\/wp-json\/wp\/v2\/posts"}],"about":[{"href":"https:\/\/linitiative.ca\/International\/wp-json\/wp\/v2\/types\/post"}],"author":[{"embeddable":true,"href":"https:\/\/linitiative.ca\/International\/wp-json\/wp\/v2\/users\/1965"}],"replies":[{"embeddable":true,"href":"https:\/\/linitiative.ca\/International\/wp-json\/wp\/v2\/comments?post=141122"}],"version-history":[{"count":0,"href":"https:\/\/linitiative.ca\/International\/wp-json\/wp\/v2\/posts\/141122\/revisions"}],"wp:attachment":[{"href":"https:\/\/linitiative.ca\/International\/wp-json\/wp\/v2\/media?parent=141122"}],"wp:term":[{"taxonomy":"category","embeddable":true,"href":"https:\/\/linitiative.ca\/International\/wp-json\/wp\/v2\/categories?post=141122"},{"taxonomy":"post_tag","embeddable":true,"href":"https:\/\/linitiative.ca\/International\/wp-json\/wp\/v2\/tags?post=141122"}],"curies":[{"name":"wp","href":"https:\/\/api.w.org\/{rel}","templated":true}]}}