{"id":141124,"date":"2022-02-17T12:18:03","date_gmt":"2022-02-17T17:18:03","guid":{"rendered":"https:\/\/linitiative.ca\/International\/la-sante-doit-etre-au-coeur-du-partenariat-afrique-europe-macky-sall\/"},"modified":"2022-02-17T12:18:03","modified_gmt":"2022-02-17T17:18:03","slug":"la-sante-doit-etre-au-coeur-du-partenariat-afrique-europe-macky-sall","status":"publish","type":"post","link":"https:\/\/linitiative.ca\/International\/la-sante-doit-etre-au-coeur-du-partenariat-afrique-europe-macky-sall\/","title":{"rendered":"La sant\u00e9 doit \u00eatre \u00ab au c\u0153ur \u00bb du partenariat Afrique-Europe (Macky Sall)"},"content":{"rendered":"<div>\n<p><img decoding=\"async\" width=\"273\" height=\"185\" src=\"https:\/\/linitiative.ca\/International\/wp-content\/uploads\/sites\/23\/2022\/02\/16451182832517.jpg\" class=\"attachment-post-thumbnail size-post-thumbnail wp-post-image\" alt=\"\" loading=\"lazy\"><\/p>\n<p>Pour le chef de l&rsquo;Etat s\u00e9n\u00e9galais et pr\u00e9sident en exercice de l&rsquo;Union Africaine (UA), \u00ab sans s\u00e9curit\u00e9 sanitaire, la relance \u00e9conomique est impossible \u00bb.La relance \u00e9conomique tant esp\u00e9r\u00e9e par les dirigeants a des pr\u00e9alables. Et la plus importante, selon le pr\u00e9sident Macky Sall, est la s\u00e9curit\u00e9 sanitaire. S&rsquo;exprimant dans une tribune publi\u00e9e, ce jeudi, premier jour du sixi\u00e8me Sommet Union Europ\u00e9enne (UE)-Union Africaine (UA), qui se tient \u00e0 Bruxelles (Belgique), il a fait savoir que la sant\u00e9 est l&rsquo;un secteur crucial que doit prendre en compte le partenariat entre les deux continents.<\/p>\n<p>\u00ab Sans s\u00e9curit\u00e9 sanitaire, la relance \u00e9conomique est impossible. La crise du Covid-19 le prouve, de m\u00eame qu&rsquo;elle a prouv\u00e9 l&rsquo;interd\u00e9pendance entre nos deux continents\u00a0\u00bb, a soutenu Macky Sall, rappelant que la sant\u00e9 ne faisait pas partie, en 2017, des quatre domaines strat\u00e9giques consid\u00e9r\u00e9s comme prioritaires \u00e0 l&rsquo;occasion du cinqui\u00e8me sommet entre l&rsquo;UE et l&rsquo;UA.<\/p>\n<p>Le pr\u00e9sident en exercice de l&rsquo;UA rel\u00e8ve qu&rsquo;entre-temps, la pand\u00e9mie de Covid-19 \u00ab a d\u00e9vast\u00e9 le monde, nous rappelant une v\u00e9rit\u00e9 que nous avions tendance \u00e0 oublier : notre sant\u00e9, cl\u00e9 de notre bien-\u00eatre, est aussi le fondement de notre agenda de d\u00e9veloppement commun \u00bb. Il a ainsi invit\u00e9 les uns et les autres \u00e0 ne pas reproduire \u00ab les m\u00eames erreurs \u00bb.<\/p>\n<p>Par ailleurs, le pr\u00e9sident Macky Sall a rappel\u00e9 que \u00ab de nombreux pays d&rsquo;Afrique ont vu leur marge budg\u00e9taire se r\u00e9duire et leurs efforts en mati\u00e8re de sant\u00e9 mis \u00e0 mal\u00a0\u00bb. Cela a durement affect\u00e9 les programmes de lutte contre le sida, la tuberculose et le paludisme, trois \u00e9pid\u00e9mies qui freinent consid\u00e9rablement le d\u00e9veloppement de l&rsquo;Afrique, a-t-il ajout\u00e9.<\/p>\n<p>Partant de constat, Macky Sall a soulign\u00e9 la n\u00e9cessit\u00e9 pour le partenariat UE-UA de reconna\u00eetre l&rsquo;urgence de renforcer les syst\u00e8mes de sant\u00e9 des pays africains et d&rsquo;en faire un domaine d&rsquo;investissement prioritaire. A l&rsquo;en croire, cela permettra de concr\u00e9tiser la relance et pr\u00e9munir les \u00e9conomies des cons\u00e9quences d&rsquo;une future pand\u00e9mie.<\/p>\n<p>Pour le chef de l&rsquo;Etat s\u00e9n\u00e9galais, \u00ab ce sommet sera aussi celui qui changera, pour de bon, le paradigme de la coop\u00e9ration entre l&rsquo;UE et l&rsquo;Afrique, que nous souhaitons voir fond\u00e9e sur une relation de partenariat entre pairs, sur la base d&rsquo;objectifs partag\u00e9s. \u00bb Selon lui, \u00ab la sant\u00e9 en est un \u00bb.<\/p>\n<p>Macky Sall a appel\u00e9 \u00ab l&rsquo;Union europ\u00e9enne, ses Etats membres et la communaut\u00e9 internationale \u00e0 renforcer sa collaboration avec le Fonds mondial et l&rsquo;ensemble des organisations multilat\u00e9rales de sant\u00e9 afin que nous puissions, ensemble, continuer \u00e0 sauver des vies et pr\u00e9server nos perspectives communes de d\u00e9veloppement \u00e9quitable et durable \u00bb.<\/p>\n<p>Cet article <a rel=\"nofollow\" href=\"https:\/\/www.journalducameroun.com\/la-sante-doit-etre-au-coeur-du-partenariat-afrique-europe-macky-sall\/\">La sant\u00e9 doit \u00eatre \u00ab au c\u0153ur \u00bb du partenariat Afrique-Europe (Macky Sall)<\/a> est apparu en premier sur <a rel=\"nofollow\" href=\"https:\/\/www.journalducameroun.com\/\">Journal du Cameroun<\/a>.<\/p>\n<\/div>\n<p>Auteur: APA News<br \/>\n<a href=\"https:\/\/www.journalducameroun.com\/la-sante-doit-etre-au-coeur-du-partenariat-afrique-europe-macky-sall\/\">Cliquez ici pour lire l&rsquo;article depuis sa source.<\/a><\/p>\n","protected":false},"excerpt":{"rendered":"<p>Pour le chef de l&rsquo;Etat s\u00e9n\u00e9galais et pr\u00e9sident en exercice de l&rsquo;Union Africaine (UA), \u00ab sans s\u00e9curit\u00e9 sanitaire, la relance \u00e9conomique est impossible \u00bb.La relance \u00e9conomique tant esp\u00e9r\u00e9e par les dirigeants a des pr\u00e9alables. Et la plus importante, selon le pr\u00e9sident Macky Sall, est la s\u00e9curit\u00e9 sanitaire. S&rsquo;exprimant dans une tribune publi\u00e9e, ce jeudi, premier [&hellip;]<\/p>\n","protected":false},"author":1965,"featured_media":0,"comment_status":"closed","ping_status":"closed","sticky":false,"template":"","format":"standard","meta":{"fifu_image_url":"https:\/\/www.journalducameroun.com\/wp-content\/uploads\/2022\/02\/16451182832517.jpg","fifu_image_alt":"La sant\u00e9 doit \u00eatre \u00ab au c\u0153ur \u00bb du partenariat Afrique-Europe (Macky Sall)","footnotes":""},"categories":[73,82],"tags":[],"class_list":["post-141124","post","type-post","status-publish","format-standard","hentry","category-actualite","category-cameroun"],"_links":{"self":[{"href":"https:\/\/linitiative.ca\/International\/wp-json\/wp\/v2\/posts\/141124","targetHints":{"allow":["GET"]}}],"collection":[{"href":"https:\/\/linitiative.ca\/International\/wp-json\/wp\/v2\/posts"}],"about":[{"href":"https:\/\/linitiative.ca\/International\/wp-json\/wp\/v2\/types\/post"}],"author":[{"embeddable":true,"href":"https:\/\/linitiative.ca\/International\/wp-json\/wp\/v2\/users\/1965"}],"replies":[{"embeddable":true,"href":"https:\/\/linitiative.ca\/International\/wp-json\/wp\/v2\/comments?post=141124"}],"version-history":[{"count":0,"href":"https:\/\/linitiative.ca\/International\/wp-json\/wp\/v2\/posts\/141124\/revisions"}],"wp:attachment":[{"href":"https:\/\/linitiative.ca\/International\/wp-json\/wp\/v2\/media?parent=141124"}],"wp:term":[{"taxonomy":"category","embeddable":true,"href":"https:\/\/linitiative.ca\/International\/wp-json\/wp\/v2\/categories?post=141124"},{"taxonomy":"post_tag","embeddable":true,"href":"https:\/\/linitiative.ca\/International\/wp-json\/wp\/v2\/tags?post=141124"}],"curies":[{"name":"wp","href":"https:\/\/api.w.org\/{rel}","templated":true}]}}