{"id":141127,"date":"2022-02-17T15:18:03","date_gmt":"2022-02-17T20:18:03","guid":{"rendered":"https:\/\/linitiative.ca\/International\/maroc-le-gouvernement-presente-son-programme-anti-secheresse\/"},"modified":"2022-02-17T15:18:03","modified_gmt":"2022-02-17T20:18:03","slug":"maroc-le-gouvernement-presente-son-programme-anti-secheresse","status":"publish","type":"post","link":"https:\/\/linitiative.ca\/International\/maroc-le-gouvernement-presente-son-programme-anti-secheresse\/","title":{"rendered":"Maroc: le gouvernement pr\u00e9sente son programme anti-s\u00e9cheresse\u00a0"},"content":{"rendered":"<div>\n<p><img decoding=\"async\" width=\"720\" height=\"430\" src=\"https:\/\/linitiative.ca\/International\/wp-content\/uploads\/sites\/23\/2022\/02\/16451290845297.jpg\" class=\"attachment-post-thumbnail size-post-thumbnail wp-post-image\" alt=\"\" loading=\"lazy\" srcset=\"https:\/\/linitiative.ca\/International\/wp-content\/uploads\/sites\/23\/2022\/02\/16451290845297.jpg 720w, https:\/\/www.journalducameroun.com\/wp-content\/uploads\/2022\/02\/16451290845297-300x179.jpg 300w, https:\/\/www.journalducameroun.com\/wp-content\/uploads\/2022\/02\/16451290845297-600x358.jpg 600w\" sizes=\"auto, (max-width: 720px) 100vw, 720px\"><\/p>\n<p>Au lendemain de la rencontre entre le Roi Mohammed VI et le chef du gouvernement Aziz Akhannouch, au cours de laquelle le Souverain a appel\u00e9 \u00e0 la mise en place de mesures urgentes pour faire face aux cons\u00e9quences de la s\u00e9cheresse, l&rsquo;ex\u00e9cutif marocain a annonc\u00e9 ce jeudi son programme visant \u00e0 att\u00e9nuer ces effets.\u00a0\u00bbConform\u00e9ment aux instructions royales (&#8230;), le gouvernement a \u00e9labor\u00e9 un programme exceptionnel visant \u00e0 att\u00e9nuer les effets du retard des pr\u00e9cipitations et \u00e0 all\u00e9ger leur impact sur l&rsquo;activit\u00e9 agricole, en apportant de l&rsquo;aide aux agriculteurs et aux \u00e9leveurs concern\u00e9s, indique un communiqu\u00e9 du d\u00e9partement du chef du gouvernement.<\/p>\n<p>Le Programme s&rsquo;articule autour de trois axes principaux: le premier concerne la protection du capital animal et v\u00e9g\u00e9tal et la gestion de la raret\u00e9 des eaux, le deuxi\u00e8me vise l&rsquo;assurance agricole et le troisi\u00e8me a trait \u00e0 l&rsquo;all\u00e8gement des charges financi\u00e8res des agriculteurs et des professionnels, pr\u00e9cise le communiqu\u00e9.<\/p>\n<p>Le Fonds Hassan II pour le d\u00e9veloppement \u00e9conomique et social contribuera avec 3 milliards de dirhams en faveur de ce programme, selon la m\u00eame source.<\/p>\n<p>Dans le d\u00e9tail, le programme d&rsquo;action du premier axe, dont le co\u00fbt s&rsquo;\u00e9l\u00e8ve \u00e0 281 millions d&rsquo;euros (3 milliards de DH), porte sur la distribution de 7 millions de quintaux d&rsquo;orge subventionn\u00e9 au profit des \u00e9leveurs et de 400.000 tonnes d&rsquo;aliments compos\u00e9s au profit des \u00e9leveurs de vaches laiti\u00e8res.<\/p>\n<p>\u00a0L&rsquo;objectif \u00e9tant d&rsquo;att\u00e9nuer l&rsquo;impact de la hausse des prix des aliments du b\u00e9tail et de la r\u00e9gression des disponibilit\u00e9s en fourrage, pour un co\u00fbt global de 2,1 milliards de DH, ainsi que la vaccination et le traitement de 27 millions de t\u00eates d&rsquo;ovins et de caprins, de 200.000 t\u00eates de camelins et le traitement des abeilles contre le Varroa, pour un budget de 28 millions d&rsquo;euros (300 millions de DH).<\/p>\n<p>Ce programme comprend \u00e9galement la r\u00e9habilitation des p\u00e9rim\u00e8tres de petite et moyenne hydraulique pour l&rsquo;entretien des \u00e9quipements et la cr\u00e9ation d&rsquo;opportunit\u00e9s d&#8217;emploi \u00e0 travers le d\u00e9veloppement et la mise \u00e0 niveau des canalisations et Khettara, pour un budget de 255 millions de DH, l&rsquo;abreuvement du cheptel \u00e0 travers l&rsquo;am\u00e9nagement et l&rsquo;\u00e9quipement de points d&rsquo;eau, l&rsquo;acquisition de citernes et camions citernes et l&rsquo;am\u00e9nagement de parcours sur une superficie de 10.000 hectares, pour un budget de 224 millions de DH, et l&rsquo;irrigation de compl\u00e9ment pour la p\u00e9rennisation des vergers nouvellement plant\u00e9s (de 2 \u00e0 5 ans ), am\u00e9nag\u00e9s dans le cadre de l&rsquo;agriculture solidaire sur une superficie de 55.000 hectares, pour un budget global de 121 millions de DH.<\/p>\n<p>S&rsquo;agissant du deuxi\u00e8me axe du programme, relatif \u00e0 l&rsquo;assurance multirisque de l&rsquo;actuelle campagne agricole, il porte sur l&rsquo;acc\u00e9l\u00e9ration de la mise en \u0153uvre de l&rsquo;assurance s\u00e9cheresse pour les agriculteurs, pour un capital assur\u00e9 par les agriculteurs atteignant 112 millions d&rsquo;euros (1,12 milliard de DH) sur une superficie de 1 million d&rsquo;hectares.<\/p>\n<p>Le troisi\u00e8me axe, relatif \u00e0 l&rsquo;all\u00e8gement des charges financi\u00e8res des agriculteurs et des professionnels, est dot\u00e9 d&rsquo;un budget de 562 millions d&rsquo;euros (6 milliards de DH), et vise le r\u00e9\u00e9chelonnement de la dette des agriculteurs, le financement des op\u00e9rations d&rsquo;approvisionnement du march\u00e9 national en bl\u00e9 et aliments du b\u00e9tail, en plus du financement des investissements innovants en mati\u00e8re d&rsquo;irrigation.<\/p>\n<p>Cet article <a rel=\"nofollow\" href=\"https:\/\/www.journalducameroun.com\/maroc-le-gouvernement-presente-son-programme-anti-secheresse\/\">Maroc: le gouvernement pr\u00e9sente son programme anti-s\u00e9cheresse\u00a0<\/a> est apparu en premier sur <a rel=\"nofollow\" href=\"https:\/\/www.journalducameroun.com\/\">Journal du Cameroun<\/a>.<\/p>\n<\/div>\n<p>Auteur: APA News<br \/>\n<a href=\"https:\/\/www.journalducameroun.com\/maroc-le-gouvernement-presente-son-programme-anti-secheresse\/\">Cliquez ici pour lire l&rsquo;article depuis sa source.<\/a><\/p>\n","protected":false},"excerpt":{"rendered":"<p>Au lendemain de la rencontre entre le Roi Mohammed VI et le chef du gouvernement Aziz Akhannouch, au cours de laquelle le Souverain a appel\u00e9 \u00e0 la mise en place de mesures urgentes pour faire face aux cons\u00e9quences de la s\u00e9cheresse, l&rsquo;ex\u00e9cutif marocain a annonc\u00e9 ce jeudi son programme visant \u00e0 att\u00e9nuer ces effets.\u00a0\u00bbConform\u00e9ment aux [&hellip;]<\/p>\n","protected":false},"author":1965,"featured_media":0,"comment_status":"closed","ping_status":"closed","sticky":false,"template":"","format":"standard","meta":{"fifu_image_url":"https:\/\/www.journalducameroun.com\/wp-content\/uploads\/2022\/02\/16451290845297.jpg","fifu_image_alt":"Maroc: le gouvernement pr\u00e9sente son programme anti-s\u00e9cheresse\u00a0","footnotes":""},"categories":[73,82],"tags":[],"class_list":["post-141127","post","type-post","status-publish","format-standard","hentry","category-actualite","category-cameroun"],"_links":{"self":[{"href":"https:\/\/linitiative.ca\/International\/wp-json\/wp\/v2\/posts\/141127","targetHints":{"allow":["GET"]}}],"collection":[{"href":"https:\/\/linitiative.ca\/International\/wp-json\/wp\/v2\/posts"}],"about":[{"href":"https:\/\/linitiative.ca\/International\/wp-json\/wp\/v2\/types\/post"}],"author":[{"embeddable":true,"href":"https:\/\/linitiative.ca\/International\/wp-json\/wp\/v2\/users\/1965"}],"replies":[{"embeddable":true,"href":"https:\/\/linitiative.ca\/International\/wp-json\/wp\/v2\/comments?post=141127"}],"version-history":[{"count":0,"href":"https:\/\/linitiative.ca\/International\/wp-json\/wp\/v2\/posts\/141127\/revisions"}],"wp:attachment":[{"href":"https:\/\/linitiative.ca\/International\/wp-json\/wp\/v2\/media?parent=141127"}],"wp:term":[{"taxonomy":"category","embeddable":true,"href":"https:\/\/linitiative.ca\/International\/wp-json\/wp\/v2\/categories?post=141127"},{"taxonomy":"post_tag","embeddable":true,"href":"https:\/\/linitiative.ca\/International\/wp-json\/wp\/v2\/tags?post=141127"}],"curies":[{"name":"wp","href":"https:\/\/api.w.org\/{rel}","templated":true}]}}