{"id":141129,"date":"2022-02-17T15:18:03","date_gmt":"2022-02-17T20:18:03","guid":{"rendered":"https:\/\/linitiative.ca\/International\/loperateur-maroc-telecom-compte-plus-de-74-millions-de-clients\/"},"modified":"2022-02-17T15:18:03","modified_gmt":"2022-02-17T20:18:03","slug":"loperateur-maroc-telecom-compte-plus-de-74-millions-de-clients","status":"publish","type":"post","link":"https:\/\/linitiative.ca\/International\/loperateur-maroc-telecom-compte-plus-de-74-millions-de-clients\/","title":{"rendered":"L\u2019op\u00e9rateur Maroc Telecom compte plus de 74 millions de clients"},"content":{"rendered":"<div>\n<p><img decoding=\"async\" width=\"310\" height=\"163\" src=\"https:\/\/linitiative.ca\/International\/wp-content\/uploads\/sites\/23\/2022\/02\/16451290832217.jpg\" class=\"attachment-post-thumbnail size-post-thumbnail wp-post-image\" alt=\"\" loading=\"lazy\" srcset=\"https:\/\/linitiative.ca\/International\/wp-content\/uploads\/sites\/23\/2022\/02\/16451290832217.jpg 310w, https:\/\/www.journalducameroun.com\/wp-content\/uploads\/2022\/02\/16451290832217-300x158.jpg 300w\" sizes=\"auto, (max-width: 310px) 100vw, 310px\"><\/p>\n<p>Le groupe Maroc Telecom a annonc\u00e9, jeudi, que sa base clients a atteint plus de 74 millions de clients en 2021, s&rsquo;inscrivant ainsi dans une hausse de 1,8%, annonce jeudi le groupe dans un communiqu\u00e9 sur ses r\u00e9sultats consolid\u00e9s au 31 d\u00e9cembre 2021.Selon le communiqu\u00e9, cette hausse est tir\u00e9e notamment par la croissance de la base clients des filiales.<\/p>\n<p>Le parc mobile s&rsquo;est \u00e9lev\u00e9 \u00e0 19,9 millions de clients, en augmentation de 2,1% sur un an, fait savoir la m\u00eame source.<\/p>\n<p>\tS&rsquo;agissant du parc Fixe, il a baiss\u00e9 de 1,7% pour s&rsquo;\u00e9tablir \u00e0 pr\u00e8s de 2 millions de lignes \u00e0 fin 2021. Quant au parc haut d\u00e9bit, il compte 1,7 million d&rsquo;abonn\u00e9s, l&rsquo;expansion du parc FTTH (+47%) compense en grande partie les pertes de clients ADSL.<\/p>\n<p>\tA l&rsquo;international, le parc Mobile a atteint 50.130.000 clients, r\u00e9partis sur la C\u00f4te d&rsquo;Ivoire (10.489.000), Burkina Faso (10.457.000), Mali (8.163.000), Tchad (5.138.000), B\u00e9nin (5.132.000), Niger (3.212.000), Mauritanie (2.985.000), Togo (2.687.000), Gabon (1.656.000) et Centrafrique (210.000).<\/p>\n<p>Cet article <a rel=\"nofollow\" href=\"https:\/\/www.journalducameroun.com\/loperateur-maroc-telecom-compte-plus-de-74-millions-de-clients\/\">L\u2019op\u00e9rateur Maroc Telecom compte plus de 74 millions de clients<\/a> est apparu en premier sur <a rel=\"nofollow\" href=\"https:\/\/www.journalducameroun.com\/\">Journal du Cameroun<\/a>.<\/p>\n<\/div>\n<p>Auteur: APA News<br \/>\n<a href=\"https:\/\/www.journalducameroun.com\/loperateur-maroc-telecom-compte-plus-de-74-millions-de-clients\/\">Cliquez ici pour lire l&rsquo;article depuis sa source.<\/a><\/p>\n","protected":false},"excerpt":{"rendered":"<p>Le groupe Maroc Telecom a annonc\u00e9, jeudi, que sa base clients a atteint plus de 74 millions de clients en 2021, s&rsquo;inscrivant ainsi dans une hausse de 1,8%, annonce jeudi le groupe dans un communiqu\u00e9 sur ses r\u00e9sultats consolid\u00e9s au 31 d\u00e9cembre 2021.Selon le communiqu\u00e9, cette hausse est tir\u00e9e notamment par la croissance de la [&hellip;]<\/p>\n","protected":false},"author":1965,"featured_media":0,"comment_status":"closed","ping_status":"closed","sticky":false,"template":"","format":"standard","meta":{"fifu_image_url":"https:\/\/www.journalducameroun.com\/wp-content\/uploads\/2022\/02\/16451290832217.jpg","fifu_image_alt":"L\u2019op\u00e9rateur Maroc Telecom compte plus de 74 millions de clients","footnotes":""},"categories":[73,82],"tags":[],"class_list":["post-141129","post","type-post","status-publish","format-standard","hentry","category-actualite","category-cameroun"],"_links":{"self":[{"href":"https:\/\/linitiative.ca\/International\/wp-json\/wp\/v2\/posts\/141129","targetHints":{"allow":["GET"]}}],"collection":[{"href":"https:\/\/linitiative.ca\/International\/wp-json\/wp\/v2\/posts"}],"about":[{"href":"https:\/\/linitiative.ca\/International\/wp-json\/wp\/v2\/types\/post"}],"author":[{"embeddable":true,"href":"https:\/\/linitiative.ca\/International\/wp-json\/wp\/v2\/users\/1965"}],"replies":[{"embeddable":true,"href":"https:\/\/linitiative.ca\/International\/wp-json\/wp\/v2\/comments?post=141129"}],"version-history":[{"count":0,"href":"https:\/\/linitiative.ca\/International\/wp-json\/wp\/v2\/posts\/141129\/revisions"}],"wp:attachment":[{"href":"https:\/\/linitiative.ca\/International\/wp-json\/wp\/v2\/media?parent=141129"}],"wp:term":[{"taxonomy":"category","embeddable":true,"href":"https:\/\/linitiative.ca\/International\/wp-json\/wp\/v2\/categories?post=141129"},{"taxonomy":"post_tag","embeddable":true,"href":"https:\/\/linitiative.ca\/International\/wp-json\/wp\/v2\/tags?post=141129"}],"curies":[{"name":"wp","href":"https:\/\/api.w.org\/{rel}","templated":true}]}}