{"id":141131,"date":"2022-02-17T10:39:32","date_gmt":"2022-02-17T15:39:32","guid":{"rendered":"https:\/\/linitiative.ca\/International\/le-think-tank-camerounais-the-okwelians-plaide-pour-une-refonte-des-liens-economiques-entre-le-cameroun-et-lue\/"},"modified":"2022-02-17T10:39:32","modified_gmt":"2022-02-17T15:39:32","slug":"le-think-tank-camerounais-the-okwelians-plaide-pour-une-refonte-des-liens-economiques-entre-le-cameroun-et-lue","status":"publish","type":"post","link":"https:\/\/linitiative.ca\/International\/le-think-tank-camerounais-the-okwelians-plaide-pour-une-refonte-des-liens-economiques-entre-le-cameroun-et-lue\/","title":{"rendered":"Le think tank camerounais \u00abThe Okwelians\u00bb plaide pour une refonte des liens \u00e9conomiques entre le Cameroun et l\u2019UE"},"content":{"rendered":"<div>\n<p>Un sommet d\u2019une importance capitale s\u2019ouvre aujourd\u2019hui \u00e0 Bruxelles. Pas moins de 80 chefs d\u2019Etats et de gouvernement (dont la moiti\u00e9 vient d\u2019Afrique) vont rallier la capitale politique belge pour assister \u00e0 la sixi\u00e8me rencontre entre l\u2019Union europ\u00e9enne et l\u2019Afrique.\u00a0 Les institutions financi\u00e8res internationales telles que la Banque Mondiale, le Fmi ont \u00e9galement \u00e9t\u00e9 convi\u00e9es \u00e0 cet \u00e9norme brainstorming qui s\u2019ach\u00e8ve vendredi 18 f\u00e9vrier 2021. Les d\u00e9bats vont tourner autour des questions li\u00e9es au financement de la croissance, \u00e0 la s\u00e9curit\u00e9 et la gouvernance, aux migrations, \u00e0 la sant\u00e9, la transition \u00e9nerg\u00e9tique, l\u2019\u00e9ducation et enfin l\u2019int\u00e9gration \u00e9conomique. Paul Biya, le pr\u00e9sident de la R\u00e9publique du Cameroun n\u2019y sera pas. Il a choisi de se faire repr\u00e9senter par Ferdinand Ngoh Ngoh, secr\u00e9taire g\u00e9n\u00e9ral de la pr\u00e9sidence de la R\u00e9publique. Il sera accompagn\u00e9 par le ministre des Relations ext\u00e9rieures, Lejeune Mbella Mbella et les ambassadeurs du Cameroun aupr\u00e8s de l\u2019Union europ\u00e9enne et de l\u2019Union africaine.<\/p>\n<p><strong>Lire aussi : <a href=\"https:\/\/ecomatin.net\/lunion-europeenne-va-investir-150-milliards-deuros-en-afrique-entre-2021-et-2027\/\">L\u2019Union europ\u00e9enne va investir 150 milliards d\u2019euros en Afrique entre 2021 et 2027<\/a><\/strong><\/p>\n<p>Si l\u2019on se r\u00e9f\u00e8re au communiqu\u00e9 publi\u00e9 par le comit\u00e9 d\u2019organisation du sommet, ce dernier sera l\u2019occasion pour \u00a0les dirigeants de\u00a0\u00abd\u00e9battre de la mani\u00e8re dont les deux continents peuvent\u00a0renforcer la prosp\u00e9rit\u00e9\u00bb. En clair, \u00ablancer un ambitieux\u00a0paquet d\u2019investissements Afrique\u2011Europeen tenant compte des d\u00e9fis mondiaux tels que le changement climatique et la crise sanitaire actuelle. Ils devraient \u00e9galement discuter des outils et solutions permettant de promouvoir la\u00a0stabilit\u00e9 et la s\u00e9curit\u00e9\u00a0gr\u00e2ce \u00e0 une architecture renouvel\u00e9e pour la paix et la s\u00e9curit\u00e9\u00a0\u00bb. De mani\u00e8re plus sp\u00e9cifique, notamment en ce qui concerne le Cameroun, le Think Tank \u00abThe Okwelians\u00bb qui a r\u00e9cemment commis un communiqu\u00e9 de presse \u00e0 propos du sommet susmentionn\u00e9, pense que le gouvernement camerounais gagnerait lors de celui-ci, \u00e0 entamer un processus de r\u00e9ajustement des liens \u00e9conomiques qui le lient \u00e0 l\u2019Union Europ\u00e9enne. Avec un accent mis sur l\u2019alignement de ces nouveaux objectifs de coop\u00e9ration sur la Strat\u00e9gie Nationale de D\u00e9veloppement du Cameroun 2020-2030 (Snd-30).<\/p>\n<p><strong>Lire aussi : <a href=\"https:\/\/ecomatin.net\/financement-les-contours-du-nouvel-accord-cameroun-union-europeenne\/\">Financement\u00a0: les contours du nouvel accord Cameroun-Union europ\u00e9enne<\/a><\/strong><\/p>\n<p>\u00abS\u2019agissant particuli\u00e8rement du Cameroun, \u00e0 travers sa Strat\u00e9gie Nationale de D\u00e9veloppement \u00e0 l\u2019horizon 2030 (SND30), le Gouvernement camerounais envisage parmi ses quatre objectifs g\u00e9n\u00e9raux, d\u2019atteindre le stade de Nouveau Pays Industrialis\u00e9. Cette ambition s\u2019accompagne de la mise en place de conditions favorables \u00e0 la croissance \u00e9conomique via les modifications structurelles n\u00e9cessaires pour l\u2019industrialisation du pays et notamment la participation du secteur priv\u00e9. Mais, afin d\u2019en garantir la durabilit\u00e9, la coop\u00e9ration avec l\u2019Europe doit \u00e9galement s\u2019aligner sur cet objectif, qui non seulement vise \u00e0 pr\u00e9server les int\u00e9r\u00eats structurels du pays, mais \u00e9galement \u00e0 g\u00e9n\u00e9rer suffisamment de valeur ajout\u00e9e et b\u00e9n\u00e9fices partag\u00e9s pour l\u2019\u00e9conomie mondiale\u00bb, peut-on lire dans ledit document.<\/p>\n<p><strong>Lire aussi : <a href=\"https:\/\/ecomatin.net\/cooperation-bilaterale-lunion-europeenne-promet-pres-de-120-milliards-de-fcfa-au-cameroun\/\">Coop\u00e9ration bilat\u00e9rale\u00a0: l\u2019Union europ\u00e9enne promet pr\u00e8s de 120 milliards de FCFA au Cameroun<\/a><\/strong><\/p>\n<p>\u00a0Le m\u00eame plaidoyer est \u00e9galement men\u00e9 pour la refonte structurelle des liens de coop\u00e9ration entre l\u2019Afrique et l\u2019UE. Le groupe de r\u00e9flexion \u00abThe Okwelians\u00bb \u00a0propose \u00abun changement de paradigme de coop\u00e9ration en s\u2019appuyant sur un d\u00e9veloppement capacitaire et communautaire fond\u00e9 sur les atouts\u00bb, indiquent-t-ils. Et d\u2019ajouter que\u00a0\u00ables Etats de l\u2019UE et de l\u2019UA sont ainsi appel\u00e9s \u00e0 cr\u00e9er un cadre favorable au d\u00e9veloppement global du Continent et de ses populations par la promotion de la coproduction, l\u2019int\u00e9gration des cha\u00eenes de valeur africaine et europ\u00e9enne, la promotion de niches de financement endog\u00e8nes ou encore le soutien \u00e0 la mise en place des infrastructures d\u2019accompagnement \u00e0 la production et \u00e0 l\u2019innovation en Afrique. Ainsi \u00e9mergeront des cha\u00eenes de valeurs plus solides et durables, b\u00e2ties entre autres sur des savoir-faire africains et cr\u00e9ant de la valeur ajout\u00e9e locale. La nouvelle coop\u00e9ration devra enfin placer au centre les peuples et la plan\u00e8te autour d\u2019un climat favorable \u00e0 l\u2019\u00e9mergence des investissements et des opportunit\u00e9s d\u2019affaires cr\u00e9atrices d\u2019emplois d\u00e9cents, le tout port\u00e9 par un cadre l\u00e9gal qui privil\u00e9gie une fiscalit\u00e9 \u00e0 caract\u00e8re \u00e9quitable et orient\u00e9e vers une augmentation quantitative et soutenue des biens publics.\u00bb<\/p>\n<p><strong>Lire aussi : <a href=\"https:\/\/ecomatin.net\/grand-nord-lunion-europeenne-injecte-65-milliards-de-fcfa-pour-les-filieres-coton-et-energies\/\">Grand Nord\u00a0: l\u2019Union europ\u00e9enne injecte 6,5 milliards de FCFA pour les fili\u00e8res coton et \u00e9nergies<\/a><\/strong><\/p>\n<p>Pour m\u00e9moire,\u00a0The Okwelians\u00a0est un\u00a0Think Do Tankr\u00e9unissant une communaut\u00e9 de pr\u00e8s de 450 personnes dont 180 membres actifs et sympathisants, Camerounaises et Camerounais, r\u00e9partis sur quatre continents et d\u00e9sireux de promouvoir par le leadership \u00e9thique, une culture d\u2019innovation sociale au Cameroun.<\/p>\n<p>L\u2019article <a rel=\"nofollow\" href=\"https:\/\/ecomatin.net\/le-think-tank-camerounais-the-okwelians-plaide-pour-une-refonte-des-liens-economiques-entre-le-cameroun-et-lue\/\">Le think tank camerounais \u00abThe Okwelians\u00bb plaide pour une refonte des liens \u00e9conomiques entre le Cameroun et l\u2019UE<\/a> est apparu en premier sur <a rel=\"nofollow\" href=\"https:\/\/ecomatin.net\/\">EcoMatin<\/a>.<\/p>\n<\/div>\n<p>Auteur: Paul Tjeg<br \/>\n<a href=\"https:\/\/ecomatin.net\/le-think-tank-camerounais-the-okwelians-plaide-pour-une-refonte-des-liens-economiques-entre-le-cameroun-et-lue\/\">Cliquez ici pour lire l&rsquo;article depuis sa source.<\/a><\/p>\n","protected":false},"excerpt":{"rendered":"<p>Un sommet d\u2019une importance capitale s\u2019ouvre aujourd\u2019hui \u00e0 Bruxelles. Pas moins de 80 chefs d\u2019Etats et de gouvernement (dont la moiti\u00e9 vient d\u2019Afrique) vont rallier la capitale politique belge pour assister \u00e0 la sixi\u00e8me rencontre entre l\u2019Union europ\u00e9enne et l\u2019Afrique.\u00a0 Les institutions financi\u00e8res internationales telles que la Banque Mondiale, le Fmi ont \u00e9galement \u00e9t\u00e9 convi\u00e9es [&hellip;]<\/p>\n","protected":false},"author":1969,"featured_media":0,"comment_status":"closed","ping_status":"closed","sticky":false,"template":"","format":"standard","meta":{"fifu_image_url":"","fifu_image_alt":"","footnotes":""},"categories":[82,78],"tags":[],"class_list":["post-141131","post","type-post","status-publish","format-standard","hentry","category-cameroun","category-economie"],"_links":{"self":[{"href":"https:\/\/linitiative.ca\/International\/wp-json\/wp\/v2\/posts\/141131","targetHints":{"allow":["GET"]}}],"collection":[{"href":"https:\/\/linitiative.ca\/International\/wp-json\/wp\/v2\/posts"}],"about":[{"href":"https:\/\/linitiative.ca\/International\/wp-json\/wp\/v2\/types\/post"}],"author":[{"embeddable":true,"href":"https:\/\/linitiative.ca\/International\/wp-json\/wp\/v2\/users\/1969"}],"replies":[{"embeddable":true,"href":"https:\/\/linitiative.ca\/International\/wp-json\/wp\/v2\/comments?post=141131"}],"version-history":[{"count":0,"href":"https:\/\/linitiative.ca\/International\/wp-json\/wp\/v2\/posts\/141131\/revisions"}],"wp:attachment":[{"href":"https:\/\/linitiative.ca\/International\/wp-json\/wp\/v2\/media?parent=141131"}],"wp:term":[{"taxonomy":"category","embeddable":true,"href":"https:\/\/linitiative.ca\/International\/wp-json\/wp\/v2\/categories?post=141131"},{"taxonomy":"post_tag","embeddable":true,"href":"https:\/\/linitiative.ca\/International\/wp-json\/wp\/v2\/tags?post=141131"}],"curies":[{"name":"wp","href":"https:\/\/api.w.org\/{rel}","templated":true}]}}