{"id":141133,"date":"2022-02-17T12:12:30","date_gmt":"2022-02-17T17:12:30","guid":{"rendered":"https:\/\/linitiative.ca\/International\/decentralisation-un-salon-des-acteurs-economiques-et-du-developpement-local-annonce-a-kribi\/"},"modified":"2022-02-17T12:12:30","modified_gmt":"2022-02-17T17:12:30","slug":"decentralisation-un-salon-des-acteurs-economiques-et-du-developpement-local-annonce-a-kribi","status":"publish","type":"post","link":"https:\/\/linitiative.ca\/International\/decentralisation-un-salon-des-acteurs-economiques-et-du-developpement-local-annonce-a-kribi\/","title":{"rendered":"D\u00e9centralisation\u00a0: un salon des acteurs \u00e9conomiques et du d\u00e9veloppement local annonc\u00e9 \u00e0 Kribi"},"content":{"rendered":"<div>\n<p>D\u2019apr\u00e8s les organisateurs, le Salon des acteurs \u00e9conomiques et du d\u00e9veloppement local (Saedel) est consid\u00e9r\u00e9 comme \u00abla plus grande plateforme d\u2019\u00e9changes entre R\u00e9gions, Communaut\u00e9s urbaines, Communes et divers investisseurs afin d\u2019assurer l\u2019attractivit\u00e9 des collectivit\u00e9s territoriales d\u00e9centralis\u00e9es du Cameroun \u00bb. Pour sa toute premi\u00e8re \u00e9dition, c\u2019est la ville de Kribi qui a \u00e9t\u00e9 choisie pour abriter l\u2019\u00e9v\u00e9nement : \u00abKribi, la ville baln\u00e9aire est le futur p\u00f4le industriel du Cameroun. Nous attendons la participation des grandes entreprises, les administrations publiques, les collectivit\u00e9s territoriales d\u00e9centralis\u00e9es et les partenaires au d\u00e9veloppement pour saisir les formidables opportunit\u00e9s d\u2019affaires qu\u2019offre cette ville en particulier, et les collectivit\u00e9s territoriales d\u00e9centralis\u00e9es de notre pays en g\u00e9n\u00e9ral \u00bb, indique l\u2019organisation.<\/p>\n<p><strong>Lire aussi <\/strong>: <strong><a href=\"https:\/\/ecomatin.net\/dotation-generale-de-la-decentralisation-7-des-recettes-de-letat-transferees-aux-ctd-en-2021\/\">Dotation g\u00e9n\u00e9rale de la d\u00e9centralisation : 7% des recettes de l\u2019Etat transf\u00e9r\u00e9es aux CTD en 2021<\/a><\/strong><\/p>\n<p>Les groupements patronaux, les chambres consulaires et les \u00e9tablissements financiers figurent \u00e9galement parmi les 1000 exposants et partenaires attendus pour cette \u00e9dition qui tablent sur une fr\u00e9quentation de plus de 200.000 visiteurs. Le programme de l\u2019\u00e9v\u00e8nement pr\u00e9voit des conf\u00e9rences publiques et des rencontres \u00e9conomiques. \u00ab L\u2019organisation des conf\u00e9rences par les acteurs de l\u2019\u00e9v\u00e9nement permettra de mobiliser toutes les parties prenantes autour d\u2019une nouvelle vision de d\u00e9veloppement des R\u00e9gions et du Cameroun, sensibiliser sur les probl\u00e9matiques donn\u00e9es, faire \u00e9merger des id\u00e9es, d\u00e9battre sur une question d\u2019actualit\u00e9 afin de stimuler le changement. Chaque r\u00e9gion aura droit \u00e0 une conf\u00e9rence publique t\u00e9l\u00e9vis\u00e9e.<\/p>\n<p><strong>Lire aussi<\/strong> : <strong><a href=\"https:\/\/ecomatin.net\/execution-du-budget-2022-les-grandes-lignes\/\">Ex\u00e9cution du budget 2022 : discipline, transparence et bonne gouvernance<\/a><\/strong><\/p>\n<p>\u00abLes rencontres \u00e9conomiques au Saedel seront un moment unique d\u2019\u00e9changes entre les collectivit\u00e9s territoriales d\u00e9centralis\u00e9es et les investisseurs nationaux ou \u00e9trangers. Elles mobiliseront plus de 500 participants \u00bb, apprend-on du Saedel.<\/p>\n<p><strong>Prix de la marque local<\/strong><\/p>\n<p>En vertu de l\u2019article 10 du Code g\u00e9n\u00e9ral des collectivit\u00e9s territoriales d\u00e9centralis\u00e9es du 24 d\u00e9cembre 2019, ces derni\u00e8res \u00abpeuvent, dans le cadre de leurs missions, ex\u00e9cuter des projets en partenariat \u00eatre elles, avec l\u2019\u00c9tat, les \u00e9tablissements publics, les entreprises du secteur public, parapublic et priv\u00e9, les organisations de la soci\u00e9t\u00e9 civile ou des partenaires ext\u00e9rieurs dans les conditions et modalit\u00e9s fix\u00e9es par les lois et r\u00e8glements en vigueur\u00bb. Cette permissivit\u00e9 l\u00e9gale offre ainsi un large champ d\u2019actions aux 360 Mairies, 14 Communaut\u00e9s urbaines et 10 Conseils r\u00e9gionaux, de nouer des partenariats, dont le Saedel pourrait \u00eatre un catalyseur. Dans son adresse \u00e0 le jeunesse ce 10 f\u00e9vrier 2022, le Pr\u00e9sident de la R\u00e9publique \u00e9voquait une piste de cr\u00e9ation d\u2019emplois par le biais de l\u2019action de ces institutions de la d\u00e9centralisation :\u00a0\u00ab toujours en mati\u00e8re d\u2019emplois, d\u2019\u00e9normes efforts sont consentis chaque ann\u00e9e pour en cr\u00e9er et permettre ainsi aux jeunes d\u2019int\u00e9grer le monde du travail. C\u2019est ainsi que, gr\u00e2ce \u00e0 la politique de promotion de l\u2019emploi des jeunes, inscrite dans le plan d\u2019actions prioritaires \u00e0 l\u2019horizon 2030, il est pr\u00e9vu la cr\u00e9ation de 600.000 emplois par an, avec l\u2019implication des collectivit\u00e9s territoriales d\u00e9centralis\u00e9es \u00bb, indiquait Paul Biya.<\/p>\n<p><strong>Lire aussi<\/strong> : <strong><a href=\"https:\/\/ecomatin.net\/decentralisation-la-snd30-et-la-loi-de-finances-violent-le-code-des-ctd\/\">D\u00e9centralisation : la SND30 et la loi de finances violent le code des CTD<\/a><\/strong><\/p>\n<p>Avec des budgets respectifs de 58,9 milliards de FCFA, 3 milliards de FCFA et 3,4 milliards de FCFA, la Communaut\u00e9 urbaine de Douala, le Conseil r\u00e9gional du Littoral et la Mairie de Douala 1er disposent en qualit\u00e9 de collectivit\u00e9s territoriales d\u00e9centralis\u00e9es du Wouri et du Littoral, par cons\u00e9quent, d\u2019un espace idoine pour nouer des partenariats. Le Saedel 2022, c\u2019est \u00e9galement un village d\u2019exposition de plus 500 stands (construit pour permettre aux exposants de pr\u00e9senter leurs savoir-faire, nouer des nouveaux contacts et accro\u00eetre la visibilit\u00e9 de leurs marques) et un Carnaval des r\u00e9gions\u00bb, destin\u00e9 \u00e0 la promotion de la culture camerounaise. Cette premi\u00e8re \u00e9dition sera par ailleurs l\u2019occasion de d\u00e9cerner le \u00abPrix de la marque locale\u00bb. D\u2019apr\u00e8s les organisateurs, l\u2019un des objectifs du Saedel est de promouvoir le d\u00e9veloppement des marques r\u00e9gionales et stimuler les jeunes entrepreneurs: \u00abdes prix seront d\u00e9cern\u00e9s aux marques locales et r\u00e9gionales\u00bb, annonce-t-on.<\/p>\n<p>L\u2019article <a rel=\"nofollow\" href=\"https:\/\/ecomatin.net\/decentralisation-un-salon-des-acteurs-economiques-et-du-developpement-local-annonce-a-kribi\/\">D\u00e9centralisation\u00a0: un salon des acteurs \u00e9conomiques et du d\u00e9veloppement local annonc\u00e9 \u00e0 Kribi<\/a> est apparu en premier sur <a rel=\"nofollow\" href=\"https:\/\/ecomatin.net\/\">EcoMatin<\/a>.<\/p>\n<\/div>\n<p>Auteur: Georges Semey<br \/>\n<a href=\"https:\/\/ecomatin.net\/decentralisation-un-salon-des-acteurs-economiques-et-du-developpement-local-annonce-a-kribi\/\">Cliquez ici pour lire l&rsquo;article depuis sa source.<\/a><\/p>\n","protected":false},"excerpt":{"rendered":"<p>D\u2019apr\u00e8s les organisateurs, le Salon des acteurs \u00e9conomiques et du d\u00e9veloppement local (Saedel) est consid\u00e9r\u00e9 comme \u00abla plus grande plateforme d\u2019\u00e9changes entre R\u00e9gions, Communaut\u00e9s urbaines, Communes et divers investisseurs afin d\u2019assurer l\u2019attractivit\u00e9 des collectivit\u00e9s territoriales d\u00e9centralis\u00e9es du Cameroun \u00bb. Pour sa toute premi\u00e8re \u00e9dition, c\u2019est la ville de Kribi qui a \u00e9t\u00e9 choisie pour abriter [&hellip;]<\/p>\n","protected":false},"author":1969,"featured_media":0,"comment_status":"closed","ping_status":"closed","sticky":false,"template":"","format":"standard","meta":{"fifu_image_url":"","fifu_image_alt":"","footnotes":""},"categories":[82,78],"tags":[],"class_list":["post-141133","post","type-post","status-publish","format-standard","hentry","category-cameroun","category-economie"],"_links":{"self":[{"href":"https:\/\/linitiative.ca\/International\/wp-json\/wp\/v2\/posts\/141133","targetHints":{"allow":["GET"]}}],"collection":[{"href":"https:\/\/linitiative.ca\/International\/wp-json\/wp\/v2\/posts"}],"about":[{"href":"https:\/\/linitiative.ca\/International\/wp-json\/wp\/v2\/types\/post"}],"author":[{"embeddable":true,"href":"https:\/\/linitiative.ca\/International\/wp-json\/wp\/v2\/users\/1969"}],"replies":[{"embeddable":true,"href":"https:\/\/linitiative.ca\/International\/wp-json\/wp\/v2\/comments?post=141133"}],"version-history":[{"count":0,"href":"https:\/\/linitiative.ca\/International\/wp-json\/wp\/v2\/posts\/141133\/revisions"}],"wp:attachment":[{"href":"https:\/\/linitiative.ca\/International\/wp-json\/wp\/v2\/media?parent=141133"}],"wp:term":[{"taxonomy":"category","embeddable":true,"href":"https:\/\/linitiative.ca\/International\/wp-json\/wp\/v2\/categories?post=141133"},{"taxonomy":"post_tag","embeddable":true,"href":"https:\/\/linitiative.ca\/International\/wp-json\/wp\/v2\/tags?post=141133"}],"curies":[{"name":"wp","href":"https:\/\/api.w.org\/{rel}","templated":true}]}}