{"id":141149,"date":"2022-02-18T10:35:53","date_gmt":"2022-02-18T15:35:53","guid":{"rendered":"https:\/\/linitiative.ca\/International\/protection-sociale-aziz-akhannouch-preside-les-travaux-du-comite-de-pilotage\/"},"modified":"2022-02-18T10:35:53","modified_gmt":"2022-02-18T15:35:53","slug":"protection-sociale-aziz-akhannouch-preside-les-travaux-du-comite-de-pilotage","status":"publish","type":"post","link":"https:\/\/linitiative.ca\/International\/protection-sociale-aziz-akhannouch-preside-les-travaux-du-comite-de-pilotage\/","title":{"rendered":"Protection sociale : Aziz Akhannouch pr\u00e9side les travaux du comit\u00e9 de pilotage"},"content":{"rendered":"<div>\n<p><img loading=\"lazy\" decoding=\"async\" width=\"300\" height=\"153\" src=\"https:\/\/linitiative.ca\/International\/wp-content\/uploads\/sites\/23\/2022\/02\/Aziz-Akhannouch-preside-les-travaux-du-comite-de-pilotage-300x153-1.jpg\" class=\"attachment-medium size-medium wp-post-image\" alt=\"\" srcset=\"https:\/\/linitiative.ca\/International\/wp-content\/uploads\/sites\/23\/2022\/02\/Aziz-Akhannouch-preside-les-travaux-du-comite-de-pilotage-300x153-1.jpg 300w, https:\/\/aujourdhui.ma\/wp-content\/uploads\/2022\/02\/Aziz-Akhannouch-preside-les-travaux-du-comite-de-pilotage-274x140.jpg 274w, https:\/\/aujourdhui.ma\/wp-content\/uploads\/2022\/02\/Aziz-Akhannouch-preside-les-travaux-du-comite-de-pilotage.jpg 746w, https:\/\/aujourdhui.ma\/wp-content\/uploads\/2022\/02\/Aziz-Akhannouch-preside-les-travaux-du-comite-de-pilotage-165x84.jpg 165w, https:\/\/aujourdhui.ma\/wp-content\/uploads\/2022\/02\/Aziz-Akhannouch-preside-les-travaux-du-comite-de-pilotage-702x358.jpg 702w\" sizes=\"auto, (max-width: 300px) 100vw, 300px\"><\/p>\n<p>Le Chef du gouvernement, M. Aziz Akhennouch a pr\u00e9sid\u00e9, vendredi 18 f\u00e9vrier 2022 \u00e0 Rabat, les travaux du comit\u00e9 de pilotage pour la mise en \u0153uvre du chantier de la protection sociale, auxquels ont pris part Mme Nadia Fettah, ministre de l\u2019Economie et des Finances, M. Khalid Ait Taleb, ministre de la Sant\u00e9 et de la Protection sociale, M. Mohammed Sadiki, ministre de l\u2019Agriculture, de la P\u00eache maritime, du D\u00e9veloppement rural et des Eaux et For\u00eats, Mme Fatima Zahra Ammor, ministre du Tourisme, de l\u2019Artisanat et de l\u2019Economie sociale et solidaire; M. Mohammed Abdeljalil, ministre du transport et de la logistique, M. Fouzi Lekjaa, ministre d\u00e9l\u00e9gu\u00e9 aupr\u00e8s du ministre de l\u2019Economie et des Finances, charg\u00e9 du Budget, ainsi que le directeur g\u00e9n\u00e9ral de la Caisse Nationale de la S\u00e9curit\u00e9 Sociale, M. Hassan Boubrik.<span id=\"more-400306\"><\/span><\/p>\n<p>Cette r\u00e9union s\u2019inscrit dans le cadre du suivi de la mise en \u0153uvre du chantier de la protection sociale et de l\u2019examen de l\u2019\u00e9tat d\u2019avancement de ses travaux, particuli\u00e8rement dans sa composante relative \u00e0 la g\u00e9n\u00e9ralisation de la couverture m\u00e9dicale.<\/p>\n<p>Dans une allocution \u00e0 cette occasion, le Chef du gouvernement a rappel\u00e9 les Hautes Instructions Royales contenues dans le discours du souverain \u00e0 l\u2019occasion de l\u2019ouverture de l\u2019ann\u00e9e l\u00e9gislative en octobre 2020, dans lequel SM Le Roi Mohammed VI, que Dieu l\u2019assiste, avait appel\u00e9 \u00e0 la g\u00e9n\u00e9ralisation de la couverture m\u00e9dicale \u00e0 l\u2019ensemble des Marocains, d\u2019ici la fin de l\u2019ann\u00e9e 2022, ainsi que l\u2019engagement du gouvernement \u00e0 mettre en \u0153uvre ce chantier conform\u00e9ment \u00e0 l\u2019\u00e9ch\u00e9ancier fix\u00e9.<\/p>\n<p>Le Chef du Gouvernement a donn\u00e9 ses orientations aux membres du gouvernement, ainsi qu\u2019au directeur g\u00e9n\u00e9ral de la CNSS, en vue d\u2019entreprendre des campagnes de communication et de sensibilisation visant \u00e0 acc\u00e9l\u00e9rer l\u2019adh\u00e9sion des citoyens \u00e0 ce chantier royal, eu \u00e9gard \u00e0 son impact positif sur la protection de la sant\u00e9 des citoyens et la garantie de leur acc\u00e8s au droit \u00e0 la sant\u00e9.<\/p>\n<p>Le Chef du gouvernement a \u00e9galement salu\u00e9 le travail accompli jusqu\u2019\u00e0 pr\u00e9sent, le gouvernement ayant veill\u00e9 \u00e0 acc\u00e9l\u00e9rer le parach\u00e8vement de l\u2019arsenal juridique pour la mise en \u0153uvre du chantier royal relatif \u00e0 la protection sociale.<\/p>\n<p>Il a fait \u00e9tat \u00e0 cet \u00e9gard de l\u2019adoption de 14 d\u00e9crets, ce qui a donn\u00e9 la possibilit\u00e9 \u00e0 11 millions de travailleurs non-salari\u00e9s et leurs ayants droit, de b\u00e9n\u00e9ficier de la couverture m\u00e9dicale, qui b\u00e9n\u00e9ficieront ainsi de l\u2019assurance maladie obligatoire couvrant les frais de consultation m\u00e9dicale, de m\u00e9dication, d\u2019hospitalisation et de soins. Les derni\u00e8res touches sont actuellement apport\u00e9es \u00e0 4 nouveaux d\u00e9crets qui concerneront notamment les artistes, les journalistes et les personnes actives dans les secteurs du transport et du tourisme.<\/p>\n<p>Cette r\u00e9union a \u00e9t\u00e9 l\u2019occasion de pr\u00e9senter des chantiers en rapport avec le chantier de la protection sociale et d\u2019examiner les moyens de les d\u00e9velopper, notamment l\u2019\u00e9largissement de la couverture m\u00e9dicale \u00e0 l\u2019ensemble des Marocains, la gouvernance du syst\u00e8me de la protection sociale et la mise \u00e0 niveau des institutions de la pr\u00e9voyance sociale.<\/p>\n<p>Il est \u00e0 noter que cette r\u00e9union est la deuxi\u00e8me \u00e0 \u00eatre tenue par le comit\u00e9 de pilotage pour la mise en \u0153uvre du chantier de la protection sociale, depuis l\u2019av\u00e8nement de l\u2019actuel gouvernement.<\/p>\n<\/div>\n<p>Auteur: ALM<br \/>\n<a href=\"https:\/\/aujourdhui.ma\/societe\/protection-sociale-aziz-akhannouch-preside-les-travaux-du-comite-de-pilotage\">Cliquez ici pour lire l&rsquo;article depuis sa source.<\/a><\/p>\n","protected":false},"excerpt":{"rendered":"<p>Le Chef du gouvernement, M. Aziz Akhennouch a pr\u00e9sid\u00e9, vendredi 18 f\u00e9vrier 2022 \u00e0 Rabat, les travaux du comit\u00e9 de pilotage pour la mise en \u0153uvre du chantier de la protection sociale, auxquels ont pris part Mme Nadia Fettah, ministre de l\u2019Economie et des Finances, M. Khalid Ait Taleb, ministre de la Sant\u00e9 et de [&hellip;]<\/p>\n","protected":false},"author":1759,"featured_media":0,"comment_status":"closed","ping_status":"closed","sticky":false,"template":"","format":"standard","meta":{"fifu_image_url":"https:\/\/aujourdhui.ma\/wp-content\/uploads\/2022\/02\/Aziz-Akhannouch-preside-les-travaux-du-comite-de-pilotage-300x153.jpg","fifu_image_alt":"Protection sociale : Aziz Akhannouch pr\u00e9side les travaux du comit\u00e9 de pilotage","footnotes":""},"categories":[73,54],"tags":[],"class_list":["post-141149","post","type-post","status-publish","format-standard","hentry","category-actualite","category-maroc"],"_links":{"self":[{"href":"https:\/\/linitiative.ca\/International\/wp-json\/wp\/v2\/posts\/141149","targetHints":{"allow":["GET"]}}],"collection":[{"href":"https:\/\/linitiative.ca\/International\/wp-json\/wp\/v2\/posts"}],"about":[{"href":"https:\/\/linitiative.ca\/International\/wp-json\/wp\/v2\/types\/post"}],"author":[{"embeddable":true,"href":"https:\/\/linitiative.ca\/International\/wp-json\/wp\/v2\/users\/1759"}],"replies":[{"embeddable":true,"href":"https:\/\/linitiative.ca\/International\/wp-json\/wp\/v2\/comments?post=141149"}],"version-history":[{"count":0,"href":"https:\/\/linitiative.ca\/International\/wp-json\/wp\/v2\/posts\/141149\/revisions"}],"wp:attachment":[{"href":"https:\/\/linitiative.ca\/International\/wp-json\/wp\/v2\/media?parent=141149"}],"wp:term":[{"taxonomy":"category","embeddable":true,"href":"https:\/\/linitiative.ca\/International\/wp-json\/wp\/v2\/categories?post=141149"},{"taxonomy":"post_tag","embeddable":true,"href":"https:\/\/linitiative.ca\/International\/wp-json\/wp\/v2\/tags?post=141149"}],"curies":[{"name":"wp","href":"https:\/\/api.w.org\/{rel}","templated":true}]}}