{"id":141151,"date":"2022-02-17T13:00:00","date_gmt":"2022-02-17T18:00:00","guid":{"rendered":"https:\/\/linitiative.ca\/International\/sm-le-roi-mohammed-vi-preside-une-seance-de-travail-consacree-a-la-nouvelle-charte-de-linvestissement\/"},"modified":"2022-02-17T13:00:00","modified_gmt":"2022-02-17T18:00:00","slug":"sm-le-roi-mohammed-vi-preside-une-seance-de-travail-consacree-a-la-nouvelle-charte-de-linvestissement","status":"publish","type":"post","link":"https:\/\/linitiative.ca\/International\/sm-le-roi-mohammed-vi-preside-une-seance-de-travail-consacree-a-la-nouvelle-charte-de-linvestissement\/","title":{"rendered":"SM le Roi Mohammed VI pr\u00e9side une s\u00e9ance de travail consacr\u00e9e \u00e0 la nouvelle charte de l\u2019investissement"},"content":{"rendered":"<div>\n<p class=\"has-black-color has-text-color\"><strong>Sa Majest\u00e9 le Roi Mohammed VI a pr\u00e9sid\u00e9, le 16 f\u00e9vrier 2022 \u00e0 la R\u00e9sidence Royale de Bouznika, une s\u00e9ance de travail consacr\u00e9e \u00e0 la nouvelle charte de l\u2019investissement.<\/strong><\/p>\n<p class=\"has-black-color has-text-color\">Cette s\u00e9ance de travail intervient dans le prolongement des Hautes Orientations Royales contenues dans le Discours d\u2019ouverture du Parlement, appelant \u00e0 l\u2019adoption, dans les meilleurs d\u00e9lais, d\u2019une nouvelle charte comp\u00e9titive de l\u2019investissement.<\/p>\n<p class=\"has-black-color has-text-color\">Au cours de cette s\u00e9ance, un expos\u00e9 des grandes lignes du projet de la nouvelle charte de l\u2019investissement a \u00e9t\u00e9 pr\u00e9sent\u00e9 devant le Souverain par le ministre d\u00e9l\u00e9gu\u00e9 aupr\u00e8s du chef du gouvernement charg\u00e9 de l\u2019investissement, de la convergence et de l\u2019\u00e9valuation des politiques publiques.<\/p>\n<p class=\"has-black-color has-text-color\">Le projet, qui s\u2019inscrit dans l\u2019esprit et l\u2019ambition du Nouveau mod\u00e8le de d\u00e9veloppement, se fixe comme objectif d\u2019inverser la tendance actuelle o\u00f9 l\u2019investissement priv\u00e9 repr\u00e9sente pr\u00e8s d\u2019un tiers seulement de l\u2019investissement total, l\u2019investissement public repr\u00e9sentant les deux tiers. Il pr\u00e9voit ainsi de porter la part de l\u2019investissement priv\u00e9 aux deux tiers de l\u2019investissement total \u00e0 l\u2019horizon 2035.<\/p>\n<p class=\"has-black-color has-text-color\">Les objectifs majeurs assign\u00e9s \u00e0 la nouvelle charte de l\u2019investissement sont la cr\u00e9ation d\u2019emploi, la promotion d\u2019un d\u00e9veloppement \u00e9quitable des territoires et la priorisation des secteurs porteurs pour l\u2019\u00e9conomie nationale. A cet effet, le projet de la nouvelle charte comprend notamment un dispositif de soutien principal compos\u00e9 :<\/p>\n<p class=\"has-black-color has-text-color\">\u2013 de primes communes, en soutien aux investissements en ligne avec les Hautes Orientations Royales, les objectifs du Nouveau Mod\u00e8le de D\u00e9veloppement et les priorit\u00e9s fix\u00e9es par le gouvernement ;<\/p>\n<p class=\"has-black-color has-text-color\">\u2013 d\u2019une prime territoriale additionnelle, visant \u00e0 encourager l\u2019investissement dans les provinces les moins favoris\u00e9es ;<\/p>\n<p class=\"has-black-color has-text-color\">\u2013 d\u2019une prime sectorielle additionnelle, accordant des incitations en vue de dynamiser les secteurs porteurs.<\/p>\n<p class=\"has-black-color has-text-color\">Le projet pr\u00e9voit \u00e9galement des mesures d\u2019appui exclusives pour les projets \u00e0 caract\u00e8re strat\u00e9gique tels que les industries de la d\u00e9fense ou l\u2019industrie pharmaceutique, dans le cadre de la Commission Nationale des Investissements, ainsi qu\u2019un dispositif de soutien sp\u00e9cifique destin\u00e9 aux tr\u00e8s petites, petites et moyennes entreprises, en plus d\u2019un dispositif pour le d\u00e9veloppement des investissements marocains \u00e0 l\u2019\u00e9tranger.<\/p>\n<p class=\"has-black-color has-text-color\">Sa Majest\u00e9 le Roi, que Dieu l\u2019assiste, a encourag\u00e9 le gouvernement pour le travail r\u00e9alis\u00e9, et a donn\u00e9 Ses Hautes Instructions pour la pr\u00e9paration des d\u00e9tails de mise en \u0153uvre de la nouvelle charte de l\u2019investissement.<\/p>\n<p class=\"has-black-color has-text-color\">Le Souverain a \u00e9galement insist\u00e9 sur le relais que devrait prendre le secteur priv\u00e9 national dans ce chantier, en invitant le gouvernement \u00e0 associer activement les op\u00e9rateurs priv\u00e9s, dont la CGEM et le GPBM, au processus de mise en \u0153uvre de la charte.<\/p>\n<p class=\"has-black-color has-text-color\">Sa Majest\u00e9 le Roi a, par ailleurs, rappel\u00e9 que la r\u00e9novation des dispositifs juridiques et incitatifs reste tributaire de leur bonne impl\u00e9mentation et du suivi r\u00e9gulier de leur ex\u00e9cution sur le terrain, afin d\u2019imprimer une nouvelle dynamique \u00e0 l\u2019investissement priv\u00e9 et de consacrer le Royaume comme terre privil\u00e9gi\u00e9e d\u2019investissement \u00e0 l\u2019\u00e9chelle r\u00e9gionale et internationale.<\/p>\n<p class=\"has-black-color has-text-color\">Ont assist\u00e9 \u00e0 cette s\u00e9ance de travail, le Chef du gouvernement: M. Aziz Akhannouch, le Conseiller de Sa Majest\u00e9 le Roi, M. Fouad Ali El Himma, le Ministre de l\u2019Int\u00e9rieur, M. Abdelouafi Laftit, la Ministre de l\u2019\u00c9conomie et des Finances, Mme Nadia Fettah Alaoui, le Ministre de l\u2019Industrie et du Commerce, M. Ryad Mezzour et le Ministre d\u00e9l\u00e9gu\u00e9 aupr\u00e8s du chef du gouvernement charg\u00e9 de l\u2019Investissement, de la Convergence et de l\u2019\u00e9valuation des Politiques publiques, M. Mohcine Jazouli.<\/p>\n<p>L\u2019article <a rel=\"nofollow\" href=\"http:\/\/albayane.press.ma\/sm-le-roi-mohammed-vi-preside-une-seance-de-travail-consacree-a-la-nouvelle-charte-de-linvestissement.html\">SM le Roi Mohammed VI pr\u00e9side une s\u00e9ance de travail consacr\u00e9e \u00e0 la nouvelle charte de l\u2019investissement<\/a> est apparu en premier sur <a rel=\"nofollow\" href=\"http:\/\/albayane.press.ma\/\">ALBAYANE<\/a>.<\/p>\n<\/div>\n<p>Auteur: M&rsquo;hammed rahal<br \/>\n<a href=\"http:\/\/albayane.press.ma\/sm-le-roi-mohammed-vi-preside-une-seance-de-travail-consacree-a-la-nouvelle-charte-de-linvestissement.html\">Cliquez ici pour lire l&rsquo;article depuis sa source.<\/a><\/p>\n","protected":false},"excerpt":{"rendered":"<p>Sa Majest\u00e9 le Roi Mohammed VI a pr\u00e9sid\u00e9, le 16 f\u00e9vrier 2022 \u00e0 la R\u00e9sidence Royale de Bouznika, une s\u00e9ance de travail consacr\u00e9e \u00e0 la nouvelle charte de l\u2019investissement. Cette s\u00e9ance de travail intervient dans le prolongement des Hautes Orientations Royales contenues dans le Discours d\u2019ouverture du Parlement, appelant \u00e0 l\u2019adoption, dans les meilleurs d\u00e9lais, [&hellip;]<\/p>\n","protected":false},"author":1760,"featured_media":0,"comment_status":"closed","ping_status":"closed","sticky":false,"template":"","format":"standard","meta":{"fifu_image_url":"","fifu_image_alt":"","footnotes":""},"categories":[73,54],"tags":[],"class_list":["post-141151","post","type-post","status-publish","format-standard","hentry","category-actualite","category-maroc"],"_links":{"self":[{"href":"https:\/\/linitiative.ca\/International\/wp-json\/wp\/v2\/posts\/141151","targetHints":{"allow":["GET"]}}],"collection":[{"href":"https:\/\/linitiative.ca\/International\/wp-json\/wp\/v2\/posts"}],"about":[{"href":"https:\/\/linitiative.ca\/International\/wp-json\/wp\/v2\/types\/post"}],"author":[{"embeddable":true,"href":"https:\/\/linitiative.ca\/International\/wp-json\/wp\/v2\/users\/1760"}],"replies":[{"embeddable":true,"href":"https:\/\/linitiative.ca\/International\/wp-json\/wp\/v2\/comments?post=141151"}],"version-history":[{"count":0,"href":"https:\/\/linitiative.ca\/International\/wp-json\/wp\/v2\/posts\/141151\/revisions"}],"wp:attachment":[{"href":"https:\/\/linitiative.ca\/International\/wp-json\/wp\/v2\/media?parent=141151"}],"wp:term":[{"taxonomy":"category","embeddable":true,"href":"https:\/\/linitiative.ca\/International\/wp-json\/wp\/v2\/categories?post=141151"},{"taxonomy":"post_tag","embeddable":true,"href":"https:\/\/linitiative.ca\/International\/wp-json\/wp\/v2\/tags?post=141151"}],"curies":[{"name":"wp","href":"https:\/\/api.w.org\/{rel}","templated":true}]}}