{"id":141153,"date":"2022-02-17T13:00:00","date_gmt":"2022-02-17T18:00:00","guid":{"rendered":"https:\/\/linitiative.ca\/International\/le-maroc-acteur-cle-du-partenariat-euro-africain\/"},"modified":"2022-02-17T13:00:00","modified_gmt":"2022-02-17T18:00:00","slug":"le-maroc-acteur-cle-du-partenariat-euro-africain","status":"publish","type":"post","link":"https:\/\/linitiative.ca\/International\/le-maroc-acteur-cle-du-partenariat-euro-africain\/","title":{"rendered":"Le Maroc, acteur cl\u00e9 du Partenariat euro-africain"},"content":{"rendered":"<div>\n<p class=\"has-text-align-center has-vivid-cyan-blue-color has-text-color\"><strong>VI<sup>e<\/sup>\u00a0 sommet UE-UA<\/strong><\/p>\n<p class=\"has-black-color has-text-color\"><strong>Le sixi\u00e8me sommet Union europ\u00e9enne-Union africaine, qui se tiendra jeudi et vendredi \u00e0 Bruxelles avec la participation du Maroc, constitue l\u2019occasion renouvel\u00e9e de souligner la place de choix qu\u2019occupe le Royaume, hub africain et porte d\u2019entr\u00e9e vers le continent, en tant qu\u2019acteur cl\u00e9 du Partenariat euro-africain.<\/strong><\/p>\n<p class=\"has-black-color has-text-color\">Si pour la partie europ\u00e9enne, le sommet constituera l\u2019occasion de jeter les bases d\u2019un partenariat renouvel\u00e9 et approfondi entre l\u2019UA et l\u2019UE, le Maroc y confirmera son engagement politique au plus haut niveau, s\u2019inscrivant dans la Vision de SM le Roi Mohammed VI, pour une Afrique prosp\u00e8re, \u00e9mancip\u00e9e et capable de prendre son destin en main.<\/p>\n<p class=\"has-black-color has-text-color\">La vision du Royaume pour l\u2019Afrique, telle que port\u00e9e par le Souverain, est en effet bas\u00e9e sur la particularit\u00e9 des liens historiques qui unissent le Maroc et ses fr\u00e8res du continent. Cette vision \u00e9clair\u00e9e r\u00e9pond \u00e0 un sch\u00e9ma in\u00e9dit construit autour des notions de co-d\u00e9veloppement et de solidarit\u00e9 renforc\u00e9e, avec une forte charge sociale et humaine.<\/p>\n<p class=\"has-black-color has-text-color\">Les exp\u00e9riences multisectorielles du Maroc, l\u2019expertise du Royaume en mati\u00e8re de d\u00e9veloppement humain et les diff\u00e9rentes initiatives royales \u00e0 l\u2019adresse du continent militent en faveur de la mise en place d\u2019un r\u00e9el socle de partenariat Afrique-Europe dans lequel le Royaume jouerait un r\u00f4le majeur, facilit\u00e9 par la proximit\u00e9 g\u00e9ographique, le Statut avanc\u00e9 dont il jouit aupr\u00e8s de l\u2019Union europ\u00e9enne et les diff\u00e9rents instruments et m\u00e9canismes qui r\u00e9gissent sa relation avec l\u2019UE, qui peuvent servir de cadre idoine au nouveau partenariat que l\u2019Europe appelle de ses v\u0153ux avec le continent africain.<\/p>\n<p class=\"has-black-color has-text-color\">Parmi les instruments qui serviraient de r\u00e9ceptacle \u00e0 cette relation triangulaire, le \u201cPartenariat euro-marocain de prosp\u00e9rit\u00e9 partag\u00e9e\u2019\u2019, lanc\u00e9 en juin 2019 \u00e0 l\u2019occasion de la 14\u00e8me r\u00e9union du Conseil d\u2019Association UE-Maroc.<\/p>\n<p class=\"has-black-color has-text-color\">Ce nouveau cadre statutaire constitue l\u2019opportunit\u00e9 pour les deux parties de jeter les bases d\u2019une prosp\u00e9rit\u00e9 partag\u00e9e qui pourrait profiter au continent africain.<\/p>\n<p class=\"has-black-color has-text-color\">Le Maroc et l\u2019UE s\u2019\u00e9taient engag\u00e9s \u00e0 cette occasion \u00e0 mener des efforts conjoints afin d\u2019encourager la compl\u00e9mentarit\u00e9 de leurs politiques et d\u2019aboutir \u00e0 des initiatives et projets concert\u00e9s dans le cadre d\u2019une coop\u00e9ration trilat\u00e9rale, qui a pour vocation premi\u00e8re de s\u2019adresser au d\u00e9veloppement du continent africain.<\/p>\n<p class=\"has-black-color has-text-color\">Pour l\u2019Union europ\u00e9enne, le retour du Royaume au sein de l\u2019Union africaine, conjugu\u00e9 \u00e0 son action en faveur du d\u00e9veloppement d\u2019un nouveau mod\u00e8le de coop\u00e9ration Sud-Sud, rev\u00eat une grande importance en renfor\u00e7ant les opportunit\u00e9s de coop\u00e9ration trilat\u00e9rale entre l\u2019UE, le Maroc et leurs partenaires sur le continent africain.<\/p>\n<p class=\"has-black-color has-text-color\">Le Maroc et l\u2019UE se sont d\u00e8s lors engag\u00e9s \u00e0 renforcer leur concertation et leur coordination sur les sujets d\u2019int\u00e9r\u00eat commun inscrits dans le cadre du Dialogue UE-Afrique, de l\u2019Alliance Afrique-Europe pour des investissements et des emplois durables et du processus post-Cotonou dans l\u2019objectif de servir une meilleure coop\u00e9ration euro-africaine, et de favoriser le d\u00e9veloppement, la s\u00e9curit\u00e9 et la stabilit\u00e9 de l\u2019Afrique.<\/p>\n<p class=\"has-black-color has-text-color\">Dans le domaine de la migration, la vision de SM le Roi Mohammed VI, Leader de la question de la Migration, constitue la feuille de route pour une nouvelle gouvernance migratoire conforme \u00e0 la lettre et \u00e0 l\u2019esprit du Pacte de Marrakech.<\/p>\n<p class=\"has-black-color has-text-color\">Tout cet acquis institutionnel majeur devra constituer le socle de la strat\u00e9gie globale de l\u2019UE avec l\u2019Afrique que les deux partenaires devront consigner dans leur d\u00e9claration conjointe sur une vision commune pour 2030 \u00e0 l\u2019issue de leur sommet de Bruxelles, dans laquelle le Maroc jouerait un r\u00f4le capital.<\/p>\n<p>L\u2019article <a rel=\"nofollow\" href=\"http:\/\/albayane.press.ma\/le-maroc-acteur-cle-du-partenariat-euro-africain.html\">Le Maroc, acteur cl\u00e9 du Partenariat euro-africain<\/a> est apparu en premier sur <a rel=\"nofollow\" href=\"http:\/\/albayane.press.ma\/\">ALBAYANE<\/a>.<\/p>\n<\/div>\n<p>Auteur: M&rsquo;hammed rahal<br \/>\n<a href=\"http:\/\/albayane.press.ma\/le-maroc-acteur-cle-du-partenariat-euro-africain.html\">Cliquez ici pour lire l&rsquo;article depuis sa source.<\/a><\/p>\n","protected":false},"excerpt":{"rendered":"<p>VIe\u00a0 sommet UE-UA Le sixi\u00e8me sommet Union europ\u00e9enne-Union africaine, qui se tiendra jeudi et vendredi \u00e0 Bruxelles avec la participation du Maroc, constitue l\u2019occasion renouvel\u00e9e de souligner la place de choix qu\u2019occupe le Royaume, hub africain et porte d\u2019entr\u00e9e vers le continent, en tant qu\u2019acteur cl\u00e9 du Partenariat euro-africain. Si pour la partie europ\u00e9enne, le [&hellip;]<\/p>\n","protected":false},"author":1760,"featured_media":0,"comment_status":"closed","ping_status":"closed","sticky":false,"template":"","format":"standard","meta":{"fifu_image_url":"","fifu_image_alt":"","footnotes":""},"categories":[73,54],"tags":[],"class_list":["post-141153","post","type-post","status-publish","format-standard","hentry","category-actualite","category-maroc"],"_links":{"self":[{"href":"https:\/\/linitiative.ca\/International\/wp-json\/wp\/v2\/posts\/141153","targetHints":{"allow":["GET"]}}],"collection":[{"href":"https:\/\/linitiative.ca\/International\/wp-json\/wp\/v2\/posts"}],"about":[{"href":"https:\/\/linitiative.ca\/International\/wp-json\/wp\/v2\/types\/post"}],"author":[{"embeddable":true,"href":"https:\/\/linitiative.ca\/International\/wp-json\/wp\/v2\/users\/1760"}],"replies":[{"embeddable":true,"href":"https:\/\/linitiative.ca\/International\/wp-json\/wp\/v2\/comments?post=141153"}],"version-history":[{"count":0,"href":"https:\/\/linitiative.ca\/International\/wp-json\/wp\/v2\/posts\/141153\/revisions"}],"wp:attachment":[{"href":"https:\/\/linitiative.ca\/International\/wp-json\/wp\/v2\/media?parent=141153"}],"wp:term":[{"taxonomy":"category","embeddable":true,"href":"https:\/\/linitiative.ca\/International\/wp-json\/wp\/v2\/categories?post=141153"},{"taxonomy":"post_tag","embeddable":true,"href":"https:\/\/linitiative.ca\/International\/wp-json\/wp\/v2\/tags?post=141153"}],"curies":[{"name":"wp","href":"https:\/\/api.w.org\/{rel}","templated":true}]}}