{"id":141154,"date":"2022-02-17T13:00:00","date_gmt":"2022-02-17T18:00:00","guid":{"rendered":"https:\/\/linitiative.ca\/International\/la-sollicitude-royale\/"},"modified":"2022-02-17T13:00:00","modified_gmt":"2022-02-17T18:00:00","slug":"la-sollicitude-royale","status":"publish","type":"post","link":"https:\/\/linitiative.ca\/International\/la-sollicitude-royale\/","title":{"rendered":"La Sollicitude Royale !"},"content":{"rendered":"<div>\n<p class=\"has-black-color has-text-color\"><strong>Il a fallu la Diligence du Souverain pour que, finalement, l\u2019humain, le b\u00e9tail et le p\u00e2turage, \u00e9vitent le ch\u00e2timent divin, face \u00e0 la passivit\u00e9 inou\u00efe du gouvernement. Depuis des lustres, le ciel s\u2019interdit de ruisseler le pays assoiff\u00e9 et d\u00e9shydrat\u00e9, sans que l\u2019Ex\u00e9cutif ne r\u00e9agisse au fl\u00e9au imminent, par des rem\u00e8des palliatifs en amont. Pis encore, le Plan Maroc Vert (PMV), mis en marche depuis belle lurette, ne s\u2019est, en fait, jamais donn\u00e9 la peine d\u2019anticiper et de mettre en place des m\u00e9canismes p\u00e9rennes et concrets de haute fonctionnalit\u00e9 contre l\u2019effet de la s\u00e9cheresse en tenant compte de la quasi aridit\u00e9 de l\u2019ensemble du territoire national. Le slogan de \u00abl\u2019Etat social\u00bb dont il ne cesse de se vanter, c\u2019est de l\u2019imagination et la cr\u00e9ation de formes de protection des populations et de la paysannerie des affres de la p\u00e9nurie hydrique. Le Plan d\u2019Urgence que pr\u00e9conise aujourd\u2019hui, la Sollicitude Royale, s\u2019\u00e9rigera tout d\u2019abord, en calembredaine \u00e0 cet attentisme qui n\u2019a que trop dur\u00e9. Pour un budget allou\u00e9 \u00e0 cette op\u00e9ration de sauvetage, \u00e9lev\u00e9e \u00e0 10 milliards de dirhams, l\u2019Entreprise Royale compte faire face au d\u00e9ficit pluviom\u00e9trique de plus de 64% comparativement \u00e0 la saison de pr\u00e9cipitations normale. Elle met le cap sur la communaut\u00e9 rurale en p\u00e9nurie aigu\u00eb d\u2019eau, en particulier la souche d\u00e9munie qui en p\u00e2tit cruellement plus sp\u00e9cialement, durant cette saison automnale. En effet, il est question de soulager l\u2019impact atroce de carences hydrauliques, \u00e0 l\u2019adresse des franges d\u00e9sh\u00e9rit\u00e9es dans le milieu rural, \u00e0 travers des aides et subventions, en termes de sauvegarde du potentiel v\u00e9g\u00e9tal et animal en direction de petits agriculteurs dont le revenu se trouve s\u00e9rieusement affect\u00e9. De m\u00eame, il s\u2019agit d\u2019\u00e9mousser les frais des paysans, caus\u00e9s par la disette hydrique, en mati\u00e8re des co\u00fbts d\u2019alimentation en bl\u00e9, fourrage et engrais, en faveur des paysans. Ceci dit, il conviendra d\u2019alerter que toutes ces louables d\u00e9marches se devront d\u2019atterrir chez leurs auteurs, sans aucune distinction ni exclusion. L\u2019Acte Royal exceptionnel en ces moments de d\u00e9tresse, de circonscrire les r\u00e9percussions f\u00e2cheuses de la s\u00e9cheresse, devrait constituer \u00e0 la primature et les responsables intervenants, un sursaut \u00abd\u2019orgueil\u00bb, pour mettre sur pied un plan non pas d\u2019urgence, mais, cette fois-ci de fond, en concertation avec tous les professionnels du secteur, de nature \u00e0 projeter les potions en ad\u00e9quation avec les al\u00e9as sur un territoire en perp\u00e9tuel affront contre le stress hydrique. C\u2019est \u00e0 ce prix que l\u2019on pourrait s\u00e9curiser les populations appauvries et pr\u00e9server leur bien et leur cheptel.\u00a0\u00abL\u2019Etat social\u00bb n\u2019a jamais \u00e9t\u00e9 un vain slogan qu\u2019on arbore sans r\u00e9elle port\u00e9e sociale\u00a0! \u00a0\u00a0\u00a0\u00a0\u00a0\u00a0\u00a0\u00a0\u00a0\u00a0\u00a0\u00a0\u00a0\u00a0\u00a0\u00a0\u00a0\u00a0\u00a0\u00a0\u00a0\u00a0<\/strong><\/p>\n<p>L\u2019article <a rel=\"nofollow\" href=\"http:\/\/albayane.press.ma\/la-sollicitude-royale.html\">La Sollicitude Royale !<\/a> est apparu en premier sur <a rel=\"nofollow\" href=\"http:\/\/albayane.press.ma\/\">ALBAYANE<\/a>.<\/p>\n<\/div>\n<p>Auteur: M&rsquo;hammed rahal<br \/>\n<a href=\"http:\/\/albayane.press.ma\/la-sollicitude-royale.html\">Cliquez ici pour lire l&rsquo;article depuis sa source.<\/a><\/p>\n","protected":false},"excerpt":{"rendered":"<p>Il a fallu la Diligence du Souverain pour que, finalement, l\u2019humain, le b\u00e9tail et le p\u00e2turage, \u00e9vitent le ch\u00e2timent divin, face \u00e0 la passivit\u00e9 inou\u00efe du gouvernement. Depuis des lustres, le ciel s\u2019interdit de ruisseler le pays assoiff\u00e9 et d\u00e9shydrat\u00e9, sans que l\u2019Ex\u00e9cutif ne r\u00e9agisse au fl\u00e9au imminent, par des rem\u00e8des palliatifs en amont. Pis [&hellip;]<\/p>\n","protected":false},"author":1760,"featured_media":0,"comment_status":"closed","ping_status":"closed","sticky":false,"template":"","format":"standard","meta":{"fifu_image_url":"","fifu_image_alt":"","footnotes":""},"categories":[73,54],"tags":[],"class_list":["post-141154","post","type-post","status-publish","format-standard","hentry","category-actualite","category-maroc"],"_links":{"self":[{"href":"https:\/\/linitiative.ca\/International\/wp-json\/wp\/v2\/posts\/141154","targetHints":{"allow":["GET"]}}],"collection":[{"href":"https:\/\/linitiative.ca\/International\/wp-json\/wp\/v2\/posts"}],"about":[{"href":"https:\/\/linitiative.ca\/International\/wp-json\/wp\/v2\/types\/post"}],"author":[{"embeddable":true,"href":"https:\/\/linitiative.ca\/International\/wp-json\/wp\/v2\/users\/1760"}],"replies":[{"embeddable":true,"href":"https:\/\/linitiative.ca\/International\/wp-json\/wp\/v2\/comments?post=141154"}],"version-history":[{"count":0,"href":"https:\/\/linitiative.ca\/International\/wp-json\/wp\/v2\/posts\/141154\/revisions"}],"wp:attachment":[{"href":"https:\/\/linitiative.ca\/International\/wp-json\/wp\/v2\/media?parent=141154"}],"wp:term":[{"taxonomy":"category","embeddable":true,"href":"https:\/\/linitiative.ca\/International\/wp-json\/wp\/v2\/categories?post=141154"},{"taxonomy":"post_tag","embeddable":true,"href":"https:\/\/linitiative.ca\/International\/wp-json\/wp\/v2\/tags?post=141154"}],"curies":[{"name":"wp","href":"https:\/\/api.w.org\/{rel}","templated":true}]}}