{"id":141155,"date":"2022-02-17T13:00:00","date_gmt":"2022-02-17T18:00:00","guid":{"rendered":"https:\/\/linitiative.ca\/International\/le-procureur-general-du-roi-annonce-louverture-dune-enquete-judiciaire-approfondie\/"},"modified":"2022-02-17T13:00:00","modified_gmt":"2022-02-17T18:00:00","slug":"le-procureur-general-du-roi-annonce-louverture-dune-enquete-judiciaire-approfondie","status":"publish","type":"post","link":"https:\/\/linitiative.ca\/International\/le-procureur-general-du-roi-annonce-louverture-dune-enquete-judiciaire-approfondie\/","title":{"rendered":"Le procureur g\u00e9n\u00e9ral du Roi annonce l\u2019ouverture d\u2019une enqu\u00eate judiciaire approfondie"},"content":{"rendered":"<div>\n<p class=\"has-text-align-center has-vivid-red-color has-text-color\"><strong>Disparition d\u2019un individu et la d\u00e9couverte du cadavre d\u2019un autre \u00e0 Dakhla<\/strong><\/p>\n<p class=\"has-black-color has-text-color\"><strong>Le procureur g\u00e9n\u00e9ral du Roi pr\u00e8s la Cour d\u2019appel de La\u00e2youne a annonc\u00e9 l\u2019ouverture d\u2019une enqu\u00eate judiciaire approfondie pour \u00e9lucider les circonstances de la disparition d\u2019un individu dans la ville de Dakhla et de la d\u00e9couverte ult\u00e9rieurement du cadavre d\u2019un autre \u00e0 proximit\u00e9 de la plage de la m\u00eame ville.<\/strong><\/p>\n<p class=\"has-black-color has-text-color\">\u201cSuite aux informations v\u00e9hicul\u00e9es par certains m\u00e9dias et r\u00e9seaux sociaux au sujet de la disparition d\u2019un individu dans la ville de Dakhla, le 7 f\u00e9vrier, et la d\u00e9couverte, le 9 f\u00e9vrier, du cadavre d\u2019un autre faisant partie des connaissances de la personne disparue \u00e0 proximit\u00e9 de la plage de la m\u00eame ville et \u00e0 la suite de l\u2019avis re\u00e7u par les services de s\u00fbret\u00e9 de Dakhla, le soir du 7 f\u00e9vrier, sur la disparition d\u2019un individu ayant fait l\u2019objet d\u2019un avis de recherche au profit de sa famille, le minist\u00e8re public a donn\u00e9 ses instructions aux services de la police judiciaire pour l\u2019ouverture d\u2019une enqu\u00eate judiciaire approfondie afin d\u2019\u00e9lucider les circonstances de cet incident\u201d, indique le responsable judiciaire dans un communiqu\u00e9 rendu public mercredi.<\/p>\n<p class=\"has-black-color has-text-color\">Ainsi, il a \u00e9t\u00e9 proc\u00e9d\u00e9 \u00e0 l\u2019audition d\u2019un groupe de personnes, dont les membres de la famille et les connaissances de la personne disparue, et \u00e0 une autopsie sur le cadavre rejet\u00e9 par la mer le 9 f\u00e9vrier \u00e0 proximit\u00e9 d\u2019une zone rocheuse.<\/p>\n<p class=\"has-black-color has-text-color\">Dans le m\u00eame contexte, poursuit-on, le service r\u00e9gional de la police judiciaire de Dakhla a poursuivi les enqu\u00eates et investigations en collaboration avec la brigade nationale de la police judiciaire et en coordination avec les services de la Direction g\u00e9n\u00e9rale de la surveillance du territoire.<\/p>\n<p class=\"has-black-color has-text-color\">Il a \u00e9t\u00e9 ainsi proc\u00e9d\u00e9 au visionnement des enregistrements des cam\u00e9ras de surveillance install\u00e9es dans certains commerces et avenues qui auraient pu filmer le moment du passage du v\u00e9hicule des personnes en question, outre la r\u00e9alisation d\u2019une expertise sur les t\u00e9l\u00e9phones.<\/p>\n<p class=\"has-black-color has-text-color\">L\u2019op\u00e9ration de ratissage sur le terrain a permis la d\u00e9couverte de traces de sang dans le d\u00e9p\u00f4t de l\u2019individu dont le cadavre a \u00e9t\u00e9 d\u00e9couvert pr\u00e8s de la plage et dans le coffre de bagages de sa voiture, ainsi que la d\u00e9couverte dans un lieu d\u00e9sert des restes d\u2019ossements calcin\u00e9s et de dents humaines qui ont fait l\u2019objet d\u2019une expertise biologique en vue d\u2019en d\u00e9terminer l\u2019identit\u00e9.<\/p>\n<p class=\"has-black-color has-text-color\">Dans le m\u00eame cadre, il a \u00e9t\u00e9 aussi proc\u00e9d\u00e9 au pr\u00e9l\u00e8vement d\u2019\u00e9chantillons de l\u2019ADN retrouv\u00e9s dans certains endroits, dans les voitures et sur les v\u00eatements en vue de d\u00e9terminer l\u2019empreinte g\u00e9n\u00e9tique de toute personne en relation avec cette affaire.<\/p>\n<p class=\"has-black-color has-text-color\">\u201cLes investigations et recherches se poursuivent de mani\u00e8re intense jusqu\u2019\u00e0 pr\u00e9sent en vue de r\u00e9unir davantage de donn\u00e9es pour \u00e9lucider cette affaire. Une fois achev\u00e9es, toutes les mesures juridiques appropri\u00e9es seront prises \u00e0 la lumi\u00e8re des r\u00e9sultats obtenus, dont l\u2019opinion publique sera inform\u00e9e au moment opportun\u201d, conclut le procureur g\u00e9n\u00e9ral du Roi pr\u00e8s la Cour d\u2019appel de La\u00e2youne.<\/p>\n<p>L\u2019article <a rel=\"nofollow\" href=\"http:\/\/albayane.press.ma\/le-procureur-general-du-roi-annonce-louverture-dune-enquete-judiciaire-approfondie.html\">Le procureur g\u00e9n\u00e9ral du Roi annonce l\u2019ouverture d\u2019une enqu\u00eate judiciaire approfondie<\/a> est apparu en premier sur <a rel=\"nofollow\" href=\"http:\/\/albayane.press.ma\/\">ALBAYANE<\/a>.<\/p>\n<\/div>\n<p>Auteur: M&rsquo;hammed rahal<br \/>\n<a href=\"http:\/\/albayane.press.ma\/le-procureur-general-du-roi-annonce-louverture-dune-enquete-judiciaire-approfondie.html\">Cliquez ici pour lire l&rsquo;article depuis sa source.<\/a><\/p>\n","protected":false},"excerpt":{"rendered":"<p>Disparition d\u2019un individu et la d\u00e9couverte du cadavre d\u2019un autre \u00e0 Dakhla Le procureur g\u00e9n\u00e9ral du Roi pr\u00e8s la Cour d\u2019appel de La\u00e2youne a annonc\u00e9 l\u2019ouverture d\u2019une enqu\u00eate judiciaire approfondie pour \u00e9lucider les circonstances de la disparition d\u2019un individu dans la ville de Dakhla et de la d\u00e9couverte ult\u00e9rieurement du cadavre d\u2019un autre \u00e0 proximit\u00e9 [&hellip;]<\/p>\n","protected":false},"author":1760,"featured_media":0,"comment_status":"closed","ping_status":"closed","sticky":false,"template":"","format":"standard","meta":{"fifu_image_url":"","fifu_image_alt":"","footnotes":""},"categories":[73,54],"tags":[],"class_list":["post-141155","post","type-post","status-publish","format-standard","hentry","category-actualite","category-maroc"],"_links":{"self":[{"href":"https:\/\/linitiative.ca\/International\/wp-json\/wp\/v2\/posts\/141155","targetHints":{"allow":["GET"]}}],"collection":[{"href":"https:\/\/linitiative.ca\/International\/wp-json\/wp\/v2\/posts"}],"about":[{"href":"https:\/\/linitiative.ca\/International\/wp-json\/wp\/v2\/types\/post"}],"author":[{"embeddable":true,"href":"https:\/\/linitiative.ca\/International\/wp-json\/wp\/v2\/users\/1760"}],"replies":[{"embeddable":true,"href":"https:\/\/linitiative.ca\/International\/wp-json\/wp\/v2\/comments?post=141155"}],"version-history":[{"count":0,"href":"https:\/\/linitiative.ca\/International\/wp-json\/wp\/v2\/posts\/141155\/revisions"}],"wp:attachment":[{"href":"https:\/\/linitiative.ca\/International\/wp-json\/wp\/v2\/media?parent=141155"}],"wp:term":[{"taxonomy":"category","embeddable":true,"href":"https:\/\/linitiative.ca\/International\/wp-json\/wp\/v2\/categories?post=141155"},{"taxonomy":"post_tag","embeddable":true,"href":"https:\/\/linitiative.ca\/International\/wp-json\/wp\/v2\/tags?post=141155"}],"curies":[{"name":"wp","href":"https:\/\/api.w.org\/{rel}","templated":true}]}}