{"id":141161,"date":"2022-02-17T17:58:45","date_gmt":"2022-02-17T22:58:45","guid":{"rendered":"https:\/\/linitiative.ca\/International\/lancement-dun-programme-contre-les-effets-du-deficit-pluviometrique\/"},"modified":"2022-02-17T17:58:45","modified_gmt":"2022-02-17T22:58:45","slug":"lancement-dun-programme-contre-les-effets-du-deficit-pluviometrique","status":"publish","type":"post","link":"https:\/\/linitiative.ca\/International\/lancement-dun-programme-contre-les-effets-du-deficit-pluviometrique\/","title":{"rendered":"Lancement d\u2019un programme contre les effets du d\u00e9ficit pluviom\u00e9trique"},"content":{"rendered":"<div>\n<div style=\"margin-bottom:20px;\"><img loading=\"lazy\" decoding=\"async\" width=\"750\" height=\"430\" src=\"https:\/\/linitiative.ca\/International\/wp-content\/uploads\/sites\/23\/2022\/02\/Aziz-akhannouch-copier.jpg\" class=\"attachment-post-thumbnail size-post-thumbnail wp-post-image\" alt=\"\" srcset=\"https:\/\/linitiative.ca\/International\/wp-content\/uploads\/sites\/23\/2022\/02\/Aziz-akhannouch-copier.jpg 750w, https:\/\/www.mapmarrakech.ma\/map\/uploads\/2022\/02\/Aziz-akhannouch-copier-300x172.jpg 300w\" sizes=\"auto, (max-width: 750px) 100vw, 750px\"><\/div>\n<p>Conform\u00e9ment aux Hautes Instructions Royales relatives \u00e0 la prise des mesures n\u00e9cessaires pour faire face aux effets du d\u00e9ficit pluviom\u00e9trique sur le secteur agricole, et \u00e0 la sollicitude particuli\u00e8re dont SM le Roi Mohammed VI entoure la population du monde rural et l\u2019ensemble des composantes du secteur agricole, le gouvernement a \u00e9labor\u00e9 un programme exceptionnel visant \u00e0 att\u00e9nuer les effets du retard des pr\u00e9cipitations et \u00e0 all\u00e9ger leur impact sur l\u2019activit\u00e9 agricole, en apportant de l\u2019aide aux agriculteurs et aux \u00e9leveurs concern\u00e9s, indique un communiqu\u00e9 du D\u00e9partement du Chef du gouvernement.<\/p>\n<p>Le Programme s\u2019articule autour de trois axes principaux: le premier concerne la protection du capital animal et v\u00e9g\u00e9tal et la gestion de la raret\u00e9 des eaux, le deuxi\u00e8me vise l\u2019assurance agricole et le troisi\u00e8me a trait \u00e0 l\u2019all\u00e8gement des charges financi\u00e8res des agriculteurs et des professionnels, pr\u00e9cise le communiqu\u00e9.<\/p>\n<p>Le Fonds Hassan II pour le d\u00e9veloppement \u00e9conomique et social contribuera, sur Hautes Instructions Royales, par un montant de 3 milliards de dirhams \u00e0 ce programme, selon la m\u00eame source.<\/p>\n<p>Le programme d\u2019action du premier axe, dont le co\u00fbt est de 3 milliards de DH, porte sur la distribution de 7 millions de quintaux d\u2019orge subventionn\u00e9 au profit des \u00e9leveurs et de 400.000 tonnes d\u2019aliments compos\u00e9s au profit des \u00e9leveurs de vaches laiti\u00e8res, afin d\u2019att\u00e9nuer l\u2019impact de la hausse des prix des aliments du b\u00e9tail et de la r\u00e9gression des disponibilit\u00e9s en fourrage, pour un co\u00fbt global de 2,1 milliards de DH, ainsi que la vaccination et le traitement de 27 millions de t\u00eates d\u2019ovins et de caprins, de 200.000 t\u00eates de camelins et le traitement des abeilles contre le Varroa, pour un budget de 300 millions de DH.<\/p>\n<p>Il comprend \u00e9galement la r\u00e9habilitation des p\u00e9rim\u00e8tres de petite et moyenne hydraulique pour l\u2019entretien des \u00e9quipements et la cr\u00e9ation d\u2019opportunit\u00e9s d\u2019emploi \u00e0 travers le d\u00e9veloppement et la mise \u00e0 niveau des canalisations et Khettara, pour un budget de 255 millions de DH, l\u2019abreuvement du cheptel \u00e0 travers l\u2019am\u00e9nagement et l\u2019\u00e9quipement de points d\u2019eau, l\u2019acquisition de citernes et camions citernes et l\u2019am\u00e9nagement de parcours sur une superficie de 10.000 hectares, pour un budget de 224 millions de DH, et l\u2019irrigation de compl\u00e9ment pour la p\u00e9rennisation des vergers nouvellement plant\u00e9s (de 2 \u00e0 5 ans ), am\u00e9nag\u00e9s dans le cadre de l\u2019agriculture solidaire sur une superficie de 55.000 hectares, pour un budget global de 121 millions de DH.<\/p>\n<p>Concernant le deuxi\u00e8me axe du programme, relatif \u00e0 l\u2019assurance multirisque de l\u2019actuelle campagne agricole, il sera proc\u00e9d\u00e9 \u00e0 l\u2019acc\u00e9l\u00e9ration de la mise en \u0153uvre de l\u2019assurance s\u00e8cheresse pour les agriculteurs, pour un capital assur\u00e9 par les agriculteurs atteignant 1,12 milliard de DH sur une superficie de 1 million d\u2019hectares.<\/p>\n<p>Le troisi\u00e8me axe, relatif \u00e0 l\u2019all\u00e8gement des charges financi\u00e8res des agriculteurs et des professionnels, est dot\u00e9 d\u2019un budget de 6 milliards de DH, et vise le r\u00e9\u00e9chelonnement de la dette des agriculteurs, le financement des op\u00e9rations d\u2019approvisionnement du march\u00e9 national en bl\u00e9 et aliments du b\u00e9tail, en plus du financement des investissements innovants en mati\u00e8re d\u2019irrigation.<\/p>\n<p>Par ailleurs, le Chef du gouvernement a appel\u00e9, \u00e0 l\u2019issue de la r\u00e9union, les diff\u00e9rents intervenants \u00e0 coordonner leur action et \u00e0 s\u2019attacher \u00e0 une politique d\u2019\u00e9coute et de proximit\u00e9 des citoyens et agriculteurs, en vue d\u2019une mise en \u0153uvre optimale, en partenariat avec les autorit\u00e9s locales, de ce programme Royal.<\/p>\n<p>Ont pris part \u00e0 cette r\u00e9union, MM. Abdelouafi Laftit, ministre de l\u2019Int\u00e9rieur, Mohammed Sadiki, ministre de l\u2019Agriculture, de la P\u00eache maritime, du D\u00e9veloppement rural et des Eaux et For\u00eats, Fouzi Lekjaa, ministre d\u00e9l\u00e9gu\u00e9 aupr\u00e8s de la ministre de l\u2019\u00c9conomie et des Finances, charg\u00e9 du Budget, Tariq Sijilmassi, pr\u00e9sident du directoire du Groupe Cr\u00e9dit Agricole du Maroc et Hicham Belmrah, pr\u00e9sident du directoire du groupe MAMDA-MCMA.<\/p>\n<p>The post <a rel=\"nofollow\" href=\"https:\/\/www.mapmarrakech.ma\/fr\/lancement-dun-programme-pour-faire-face-aux-effets-du-deficit-pluviometrique\/\">Lancement d\u2019un programme contre les effets du d\u00e9ficit pluviom\u00e9trique<\/a> appeared first on <a rel=\"nofollow\" href=\"https:\/\/www.mapmarrakech.ma\/fr\">MapMarrakech<\/a>.<\/p>\n<\/div>\n<p>Auteur: Meriem IGASS<br \/>\n<a href=\"https:\/\/www.mapmarrakech.ma\/fr\/lancement-dun-programme-pour-faire-face-aux-effets-du-deficit-pluviometrique\/\">Cliquez ici pour lire l&rsquo;article depuis sa source.<\/a><\/p>\n","protected":false},"excerpt":{"rendered":"<p>Conform\u00e9ment aux Hautes Instructions Royales relatives \u00e0 la prise des mesures n\u00e9cessaires pour faire face aux effets du d\u00e9ficit pluviom\u00e9trique sur le secteur agricole, et \u00e0 la sollicitude particuli\u00e8re dont SM le Roi Mohammed VI entoure la population du monde rural et l\u2019ensemble des composantes du secteur agricole, le gouvernement a \u00e9labor\u00e9 un programme exceptionnel [&hellip;]<\/p>\n","protected":false},"author":1788,"featured_media":0,"comment_status":"closed","ping_status":"closed","sticky":false,"template":"","format":"standard","meta":{"fifu_image_url":"https:\/\/www.mapmarrakech.ma\/map\/uploads\/2022\/02\/Aziz-akhannouch-copier.jpg","fifu_image_alt":"Lancement d\u2019un programme contre les effets du d\u00e9ficit pluviom\u00e9trique","footnotes":""},"categories":[54,76],"tags":[],"class_list":["post-141161","post","type-post","status-publish","format-standard","hentry","category-maroc","category-regions"],"_links":{"self":[{"href":"https:\/\/linitiative.ca\/International\/wp-json\/wp\/v2\/posts\/141161","targetHints":{"allow":["GET"]}}],"collection":[{"href":"https:\/\/linitiative.ca\/International\/wp-json\/wp\/v2\/posts"}],"about":[{"href":"https:\/\/linitiative.ca\/International\/wp-json\/wp\/v2\/types\/post"}],"author":[{"embeddable":true,"href":"https:\/\/linitiative.ca\/International\/wp-json\/wp\/v2\/users\/1788"}],"replies":[{"embeddable":true,"href":"https:\/\/linitiative.ca\/International\/wp-json\/wp\/v2\/comments?post=141161"}],"version-history":[{"count":0,"href":"https:\/\/linitiative.ca\/International\/wp-json\/wp\/v2\/posts\/141161\/revisions"}],"wp:attachment":[{"href":"https:\/\/linitiative.ca\/International\/wp-json\/wp\/v2\/media?parent=141161"}],"wp:term":[{"taxonomy":"category","embeddable":true,"href":"https:\/\/linitiative.ca\/International\/wp-json\/wp\/v2\/categories?post=141161"},{"taxonomy":"post_tag","embeddable":true,"href":"https:\/\/linitiative.ca\/International\/wp-json\/wp\/v2\/tags?post=141161"}],"curies":[{"name":"wp","href":"https:\/\/api.w.org\/{rel}","templated":true}]}}