{"id":141165,"date":"2022-02-18T07:20:54","date_gmt":"2022-02-18T12:20:54","guid":{"rendered":"https:\/\/linitiative.ca\/International\/previsions-meteorologiques-du-samedi-19-fevrier-2022\/"},"modified":"2022-02-18T07:20:54","modified_gmt":"2022-02-18T12:20:54","slug":"previsions-meteorologiques-du-samedi-19-fevrier-2022","status":"publish","type":"post","link":"https:\/\/linitiative.ca\/International\/previsions-meteorologiques-du-samedi-19-fevrier-2022\/","title":{"rendered":"Pr\u00e9visions m\u00e9t\u00e9orologiques du samedi 19 f\u00e9vrier 2022"},"content":{"rendered":"<div>\n<div style=\"margin-bottom:20px;\"><img loading=\"lazy\" decoding=\"async\" width=\"750\" height=\"430\" src=\"https:\/\/linitiative.ca\/International\/wp-content\/uploads\/sites\/23\/2022\/02\/soleil_mC3A9tC3A9o-3.jpg\" class=\"attachment-post-thumbnail size-post-thumbnail wp-post-image\" alt=\"\" srcset=\"https:\/\/linitiative.ca\/International\/wp-content\/uploads\/sites\/23\/2022\/02\/soleil_mC3A9tC3A9o-3.jpg 750w, https:\/\/www.mapmarrakech.ma\/map\/uploads\/2021\/09\/soleil_m\u00e9t\u00e9o-3-300x172.jpg 300w\" sizes=\"auto, (max-width: 750px) 100vw, 750px\"><\/div>\n<p>\u2013 Temps assez froid sur les reliefs, l\u2019Oriental et le Sud-Est.<\/p>\n<p>\u2013 Faibles pluies par endroits sur les plaines au nord d\u2019Essaouira, le Tang\u00e9rois, le Rif et les Haut et Moyen Atlas.<\/p>\n<p>\u2013 Quelques flocons de neige sur les sommets des Haut et Moyen Atlas.<\/p>\n<p>\u2013 Rafales de vent assez fortes sur les c\u00f4tes centre.<\/p>\n<p>\u2013 Temp\u00e9ratures minimales de l\u2019ordre de -04\/03\u00b0C sur l\u2019Atlas, 03\/09\u00b0C sur le Rif, le Saiss, l\u2019Oriental et le Sud-Est, 14\/19\u00b0C sur le sud des provinces sahariennes et de 09\/14\u00b0C ailleurs.<\/p>\n<p>\u2013 Temp\u00e9ratures du jour en baisse sensible sur le Nord et le Centre.<\/p>\n<p>\u2013 Mer belle \u00e0 peu agit\u00e9e sur la M\u00e9diterran\u00e9e, peu agit\u00e9e \u00e0 agit\u00e9e sur le D\u00e9troit, agit\u00e9e \u00e0 forte entre Mehdia et Tarfaya et forte \u00e0 tr\u00e8s forte ailleurs.<\/p>\n<p>The post <a rel=\"nofollow\" href=\"https:\/\/www.mapmarrakech.ma\/fr\/previsions-meteorologiques-du-samedi-19-fevrier-2022\/\">Pr\u00e9visions m\u00e9t\u00e9orologiques du samedi 19 f\u00e9vrier 2022<\/a> appeared first on <a rel=\"nofollow\" href=\"https:\/\/www.mapmarrakech.ma\/fr\">MapMarrakech<\/a>.<\/p>\n<\/div>\n<p>Auteur: Meriem IGASS<br \/>\n<a href=\"https:\/\/www.mapmarrakech.ma\/fr\/previsions-meteorologiques-du-samedi-19-fevrier-2022\/\">Cliquez ici pour lire l&rsquo;article depuis sa source.<\/a><\/p>\n","protected":false},"excerpt":{"rendered":"<p>\u2013 Temps assez froid sur les reliefs, l\u2019Oriental et le Sud-Est. \u2013 Faibles pluies par endroits sur les plaines au nord d\u2019Essaouira, le Tang\u00e9rois, le Rif et les Haut et Moyen Atlas. \u2013 Quelques flocons de neige sur les sommets des Haut et Moyen Atlas. \u2013 Rafales de vent assez fortes sur les c\u00f4tes centre. [&hellip;]<\/p>\n","protected":false},"author":1788,"featured_media":0,"comment_status":"closed","ping_status":"closed","sticky":false,"template":"","format":"standard","meta":{"fifu_image_url":"https:\/\/www.mapmarrakech.ma\/map\/uploads\/2021\/09\/soleil_m\u00e9t\u00e9o-3.jpg","fifu_image_alt":"Pr\u00e9visions m\u00e9t\u00e9orologiques du samedi 19 f\u00e9vrier 2022","footnotes":""},"categories":[54,76],"tags":[],"class_list":["post-141165","post","type-post","status-publish","format-standard","hentry","category-maroc","category-regions"],"_links":{"self":[{"href":"https:\/\/linitiative.ca\/International\/wp-json\/wp\/v2\/posts\/141165","targetHints":{"allow":["GET"]}}],"collection":[{"href":"https:\/\/linitiative.ca\/International\/wp-json\/wp\/v2\/posts"}],"about":[{"href":"https:\/\/linitiative.ca\/International\/wp-json\/wp\/v2\/types\/post"}],"author":[{"embeddable":true,"href":"https:\/\/linitiative.ca\/International\/wp-json\/wp\/v2\/users\/1788"}],"replies":[{"embeddable":true,"href":"https:\/\/linitiative.ca\/International\/wp-json\/wp\/v2\/comments?post=141165"}],"version-history":[{"count":0,"href":"https:\/\/linitiative.ca\/International\/wp-json\/wp\/v2\/posts\/141165\/revisions"}],"wp:attachment":[{"href":"https:\/\/linitiative.ca\/International\/wp-json\/wp\/v2\/media?parent=141165"}],"wp:term":[{"taxonomy":"category","embeddable":true,"href":"https:\/\/linitiative.ca\/International\/wp-json\/wp\/v2\/categories?post=141165"},{"taxonomy":"post_tag","embeddable":true,"href":"https:\/\/linitiative.ca\/International\/wp-json\/wp\/v2\/tags?post=141165"}],"curies":[{"name":"wp","href":"https:\/\/api.w.org\/{rel}","templated":true}]}}