{"id":141167,"date":"2022-02-18T08:41:48","date_gmt":"2022-02-18T13:41:48","guid":{"rendered":"https:\/\/linitiative.ca\/International\/etablissements-penitentiaires-reprise-des-visites-familiales\/"},"modified":"2022-02-18T08:41:48","modified_gmt":"2022-02-18T13:41:48","slug":"etablissements-penitentiaires-reprise-des-visites-familiales","status":"publish","type":"post","link":"https:\/\/linitiative.ca\/International\/etablissements-penitentiaires-reprise-des-visites-familiales\/","title":{"rendered":"\u00c9tablissements p\u00e9nitentiaires: reprise des visites familiales"},"content":{"rendered":"<div>\n<div style=\"margin-bottom:20px;\"><img loading=\"lazy\" decoding=\"async\" width=\"750\" height=\"430\" src=\"https:\/\/linitiative.ca\/International\/wp-content\/uploads\/sites\/23\/2022\/02\/DGAPR.jpg\" class=\"attachment-post-thumbnail size-post-thumbnail wp-post-image\" alt=\"\" srcset=\"https:\/\/linitiative.ca\/International\/wp-content\/uploads\/sites\/23\/2022\/02\/DGAPR.jpg 750w, https:\/\/www.mapmarrakech.ma\/map\/uploads\/2022\/02\/DGAPR-300x172.jpg 300w\" sizes=\"auto, (max-width: 750px) 100vw, 750px\"><\/div>\n<p>Dans un communiqu\u00e9, la m\u00eame source pr\u00e9cise que chaque d\u00e9tenu sera autoris\u00e9 \u00e0 recevoir, chaque quinzaine, la visite de deux membres de sa famille sans limite du nombre des enfants, faisant savoir que des facilit\u00e9s n\u00e9cessaires seront accord\u00e9es aux membres de la communaut\u00e9 marocaine \u00e9tablie \u00e0 l\u2019\u00e9tranger et aux visiteurs en provenance de l\u2019\u00e9tranger leur permettant de rendre visite \u00e0 leurs proches.<\/p>\n<p>Les visiteurs doivent fournir le pass vaccinal t\u00e9moignant qu\u2019ils ont re\u00e7u les doses requises ou l\u2019attestation d\u2019exemption de la vaccination contre la Covid-19 pour les personnes ayant des soucis de sant\u00e9, comme condition pour acc\u00e9der \u00e0 l\u2019\u00e9tablissement p\u00e9nitentiaire, poursuit le communiqu\u00e9, soulignant la n\u00e9cessit\u00e9 du strict respect des diff\u00e9rentes mesures pr\u00e9ventives li\u00e9es \u00e0 la lutte contre la propagation du coronavirus, en vue de garantir la s\u00e9curit\u00e9 des fonctionnaires, des d\u00e9tenus et des usagers.<\/p>\n<p>The post <a rel=\"nofollow\" href=\"https:\/\/www.mapmarrakech.ma\/fr\/etablissements-penitentiaires-reprise-des-visites-familiales-a-partir-du-28-fevrier\/\">\u00c9tablissements p\u00e9nitentiaires: reprise des visites familiales<\/a> appeared first on <a rel=\"nofollow\" href=\"https:\/\/www.mapmarrakech.ma\/fr\">MapMarrakech<\/a>.<\/p>\n<\/div>\n<p>Auteur: Meriem IGASS<br \/>\n<a href=\"https:\/\/www.mapmarrakech.ma\/fr\/etablissements-penitentiaires-reprise-des-visites-familiales-a-partir-du-28-fevrier\/\">Cliquez ici pour lire l&rsquo;article depuis sa source.<\/a><\/p>\n","protected":false},"excerpt":{"rendered":"<p>Dans un communiqu\u00e9, la m\u00eame source pr\u00e9cise que chaque d\u00e9tenu sera autoris\u00e9 \u00e0 recevoir, chaque quinzaine, la visite de deux membres de sa famille sans limite du nombre des enfants, faisant savoir que des facilit\u00e9s n\u00e9cessaires seront accord\u00e9es aux membres de la communaut\u00e9 marocaine \u00e9tablie \u00e0 l\u2019\u00e9tranger et aux visiteurs en provenance de l\u2019\u00e9tranger leur [&hellip;]<\/p>\n","protected":false},"author":1788,"featured_media":0,"comment_status":"closed","ping_status":"closed","sticky":false,"template":"","format":"standard","meta":{"fifu_image_url":"https:\/\/www.mapmarrakech.ma\/map\/uploads\/2022\/02\/DGAPR.jpg","fifu_image_alt":"\u00c9tablissements p\u00e9nitentiaires: reprise des visites familiales","footnotes":""},"categories":[54,76],"tags":[],"class_list":["post-141167","post","type-post","status-publish","format-standard","hentry","category-maroc","category-regions"],"_links":{"self":[{"href":"https:\/\/linitiative.ca\/International\/wp-json\/wp\/v2\/posts\/141167","targetHints":{"allow":["GET"]}}],"collection":[{"href":"https:\/\/linitiative.ca\/International\/wp-json\/wp\/v2\/posts"}],"about":[{"href":"https:\/\/linitiative.ca\/International\/wp-json\/wp\/v2\/types\/post"}],"author":[{"embeddable":true,"href":"https:\/\/linitiative.ca\/International\/wp-json\/wp\/v2\/users\/1788"}],"replies":[{"embeddable":true,"href":"https:\/\/linitiative.ca\/International\/wp-json\/wp\/v2\/comments?post=141167"}],"version-history":[{"count":0,"href":"https:\/\/linitiative.ca\/International\/wp-json\/wp\/v2\/posts\/141167\/revisions"}],"wp:attachment":[{"href":"https:\/\/linitiative.ca\/International\/wp-json\/wp\/v2\/media?parent=141167"}],"wp:term":[{"taxonomy":"category","embeddable":true,"href":"https:\/\/linitiative.ca\/International\/wp-json\/wp\/v2\/categories?post=141167"},{"taxonomy":"post_tag","embeddable":true,"href":"https:\/\/linitiative.ca\/International\/wp-json\/wp\/v2\/tags?post=141167"}],"curies":[{"name":"wp","href":"https:\/\/api.w.org\/{rel}","templated":true}]}}