{"id":141169,"date":"2022-02-18T09:55:19","date_gmt":"2022-02-18T14:55:19","guid":{"rendered":"https:\/\/linitiative.ca\/International\/aeroport-essaouira-mogador-reprise-du-trafic-aerien-international\/"},"modified":"2022-02-18T09:55:19","modified_gmt":"2022-02-18T14:55:19","slug":"aeroport-essaouira-mogador-reprise-du-trafic-aerien-international","status":"publish","type":"post","link":"https:\/\/linitiative.ca\/International\/aeroport-essaouira-mogador-reprise-du-trafic-aerien-international\/","title":{"rendered":"A\u00e9roport Essaouira-Mogador: Reprise du trafic a\u00e9rien international"},"content":{"rendered":"<div>\n<div style=\"margin-bottom:20px;\"><img loading=\"lazy\" decoding=\"async\" width=\"750\" height=\"430\" src=\"https:\/\/linitiative.ca\/International\/wp-content\/uploads\/sites\/23\/2022\/02\/aC3A9roport-Essaouira-1-copier.jpg\" class=\"attachment-post-thumbnail size-post-thumbnail wp-post-image\" alt=\"\" srcset=\"https:\/\/linitiative.ca\/International\/wp-content\/uploads\/sites\/23\/2022\/02\/aC3A9roport-Essaouira-1-copier.jpg 750w, https:\/\/www.mapmarrakech.ma\/map\/uploads\/2022\/02\/a\u00e9roport-Essaouira-1-copier-300x172.jpg 300w\" sizes=\"auto, (max-width: 750px) 100vw, 750px\"><\/div>\n<p>A cette occasion, un avion de la compagnie a\u00e9rienne \u00ab\u00a0transavia\u00a0\u00bb en provenance de l\u2019a\u00e9roport international Paris-Orly (France) (2 fr\u00e9quentations par semaine) a atterri sur le tarmac de cette plateforme a\u00e9roportuaire, avec \u00e0 bord quelque 127 passagers, dont des Marocains R\u00e9sidant \u00e0 l\u2019Etranger (MRE).<\/p>\n<p>Pour r\u00e9ussir cette op\u00e9ration en garantissant la fluidit\u00e9 des proc\u00e9dures li\u00e9es au voyage, et veiller \u00e0 assurer un degr\u00e9 \u00e9lev\u00e9 de pr\u00e9vention de la s\u00e9curit\u00e9 sanitaire des passagers comme du personnel de l\u2019a\u00e9roport international d\u2019Essaouira-Mogador, l\u2019ensemble des services concern\u00e9s, entre autres, l\u2019Office National des A\u00e9roports (ONDA), le minist\u00e8re de la Sant\u00e9 et de la Protection Sociale, via sa d\u00e9l\u00e9gation provinciale, et les services s\u00e9curitaires, ne cessent de fournir des efforts inlassables dans ce sens.<\/p>\n<p>Ainsi, il a \u00e9t\u00e9 proc\u00e9d\u00e9 \u00e0 l\u00a0\u00bbadoption d\u2019une kyrielle de mesures pr\u00e9ventives pratiques allant de l\u2019am\u00e9nagement de circuits via le marquage au sol pour garantir la fluidit\u00e9 de la mobilit\u00e9 et des proc\u00e9dures li\u00e9es au voyage au sein de cet a\u00e9roport, la mise en place de panneaux de sensibilisation des passagers sur les mesures pr\u00e9ventives \u00e0 observer, le respect de la distanciation physique, la mise en place de distributeurs de gel hydro-alcoolique, outre des op\u00e9rations de d\u00e9sinfection et de st\u00e9rilisation r\u00e9guli\u00e8res des installations et des \u00e9quipements.<\/p>\n<p>Dans une d\u00e9claration \u00e0 la MAP, le Commandant de l\u2019a\u00e9roport international Essaouira-Mogador, M. Mohammed Arhjoul, a dit toute sa joie de voir l\u2019a\u00e9roport de la Cit\u00e9 des Aliz\u00e9s, accueillir des passagers apr\u00e8s plus de deux mois de suspension des vols.<\/p>\n<p>\u00ab\u00a0Nous les accueillons conform\u00e9ment aux meilleures exigences sanitaires et aux conditions \u00e9dict\u00e9es par les autorit\u00e9s comp\u00e9tentes\u00a0\u00bb, a-t-il dit, rappelant que l\u2019ONDA a mis en place, avec ses partenaires a\u00e9roportuaires (Minist\u00e8re de la Sant\u00e9, Gendarmerie Royale, DGSN, Douane, \u2026), une s\u00e9rie de mesures qui consistent en la r\u00e9adaptation des infrastructures a\u00e9roportuaires avec le nouveau contexte sanitaire.<\/p>\n<p>Ces mesures, a-t-il expliqu\u00e9, portent sur le r\u00e9am\u00e9nagement et l\u2019\u00e9quipement d\u2019un nouveau espace au niveau de cet a\u00e9roport pour permettre aux services de la Sant\u00e9 d\u2019effectuer les tests antig\u00e9niques et les tests PCR aux passagers en provenance des destinations internationales, la mesure de leur temp\u00e9rature corporelle avec des cam\u00e9ras thermiques install\u00e9es au niveau de l\u2019espace \u00ab\u00a0Arriv\u00e9e\u00a0\u00bb, et la mise en place de distributeurs de gel d\u00e9sinfectant dans les diff\u00e9rents points de l\u2019a\u00e9roport.<\/p>\n<p>De m\u00eame, il s\u2019agit de la mise en place de plaques de s\u00e9paration en \u00ab\u00a0Plexiglass\u00a0\u00bb aux bureaux d\u2019enregistrement, la r\u00e9organisation des files d\u2019attente \u00e0 travers le marquage au sol pour \u00e9viter le regroupement des passagers, et le port obligatoire des masques de protection par les passagers et tous les usagers de cette plateforme a\u00e9roportuaire, outre le renforcement des op\u00e9rations de nettoyage des installations a\u00e9roportuaires.<\/p>\n<p>\u00ab\u00a0Nous veillons \u00e9galement \u00e0 accompagner cette op\u00e9ration \u00e0 travers la diffusion de messages de sensibilisation sur le respect scrupuleux des consignes de distanciation physique et des gestes barri\u00e8res, par le biais d\u2019annonces sonores, d\u2019\u00e9crans d\u2019affichage et de panneaux d\u2019information et aussi, \u00e0 travers les comptes de l\u2019ONDA sur les r\u00e9seaux sociaux et son site internet\u00a0\u00bb, a enchain\u00e9, M. Arhjoul.<\/p>\n<p>M. Redwane Khanne, pr\u00e9sident du Conseil Provincial du Tourisme (CPT) d\u2019Essaouira a, quant \u00e0 lui, exprim\u00e9 sa grande joie et sa fiert\u00e9 de la reprise des vols \u00e0 destination et au d\u00e9part de la Cit\u00e9 des Aliz\u00e9s, notant que l\u2019arriv\u00e9e de ce premier vol en provenance de Paris-Orly est de nature \u00e0 insuffler une nouvelle dynamique au secteur du tourisme comme aux activit\u00e9s annexes au niveau provincial.<\/p>\n<p>\u00ab\u00a0Nous oeuvrons d\u2019arrache-pied avec notamment, l\u2019Office National Marocain du Tourisme (ONMT) et le minist\u00e8re du Tourisme, dans l\u2019optique de parvenir \u00e0 rouvrir d\u2019autres dessertes a\u00e9riennes \u00e0 partir du mois prochain, avec des vols op\u00e9r\u00e9s par la compagnie a\u00e9rienne \u00ab\u00a0Ryanair\u00a0\u00bb, en provenance de Marseille (2 fr\u00e9quentations\/semaine), de Londres-Stansted (1 fr\u00e9quentation hebdomadaire) et l\u2019A\u00e9roport Charleroi (Belgique) 2 fr\u00e9quentations\/semaine\u00a0\u00bb, a-t-il dit.<\/p>\n<p>Et de poursuivre que des efforts soutenus sont d\u00e9ploy\u00e9s aupr\u00e8s d\u2019autres compagnies a\u00e9riennes dans la perspective de programmer la destination Essaouira dans leurs plans de voyage, afin de permettre \u00e0 la Cit\u00e9 des Aliz\u00e9s de retrouver ses h\u00f4tes, faisant part de ses remerciements \u00e0 l\u2019ensemble des partenaires et acteurs engag\u00e9s afin qu\u2019Essaouira puisse renouer avec la croissance et le dynamisme de ses activit\u00e9s touristiques.<\/p>\n<p>L\u2019a\u00e9roport international Essaouira-Mogador, rappelle-t-on, est certifi\u00e9 \u00ab AHA \u00bb (Airport Health Accreditation) par le Conseil International des A\u00e9roports ACI, suite \u00e0 l\u2019\u00e9valuation des mesures sanitaires mises en place pour lutter contre la pand\u00e9mie de la Covid 19.<\/p>\n<p>The post <a rel=\"nofollow\" href=\"https:\/\/www.mapmarrakech.ma\/fr\/aeroport-essaouira-mogador-reprise-du-trafic-aerien-international\/\">A\u00e9roport Essaouira-Mogador: Reprise du trafic a\u00e9rien international<\/a> appeared first on <a rel=\"nofollow\" href=\"https:\/\/www.mapmarrakech.ma\/fr\">MapMarrakech<\/a>.<\/p>\n<\/div>\n<p>Auteur: Meriem IGASS<br \/>\n<a href=\"https:\/\/www.mapmarrakech.ma\/fr\/aeroport-essaouira-mogador-reprise-du-trafic-aerien-international\/\">Cliquez ici pour lire l&rsquo;article depuis sa source.<\/a><\/p>\n","protected":false},"excerpt":{"rendered":"<p>A cette occasion, un avion de la compagnie a\u00e9rienne \u00ab\u00a0transavia\u00a0\u00bb en provenance de l\u2019a\u00e9roport international Paris-Orly (France) (2 fr\u00e9quentations par semaine) a atterri sur le tarmac de cette plateforme a\u00e9roportuaire, avec \u00e0 bord quelque 127 passagers, dont des Marocains R\u00e9sidant \u00e0 l\u2019Etranger (MRE). Pour r\u00e9ussir cette op\u00e9ration en garantissant la fluidit\u00e9 des proc\u00e9dures li\u00e9es au [&hellip;]<\/p>\n","protected":false},"author":1788,"featured_media":0,"comment_status":"closed","ping_status":"closed","sticky":false,"template":"","format":"standard","meta":{"fifu_image_url":"https:\/\/www.mapmarrakech.ma\/map\/uploads\/2022\/02\/a\u00e9roport-Essaouira-1-copier.jpg","fifu_image_alt":"A\u00e9roport Essaouira-Mogador: Reprise du trafic a\u00e9rien international","footnotes":""},"categories":[54,76],"tags":[],"class_list":["post-141169","post","type-post","status-publish","format-standard","hentry","category-maroc","category-regions"],"_links":{"self":[{"href":"https:\/\/linitiative.ca\/International\/wp-json\/wp\/v2\/posts\/141169","targetHints":{"allow":["GET"]}}],"collection":[{"href":"https:\/\/linitiative.ca\/International\/wp-json\/wp\/v2\/posts"}],"about":[{"href":"https:\/\/linitiative.ca\/International\/wp-json\/wp\/v2\/types\/post"}],"author":[{"embeddable":true,"href":"https:\/\/linitiative.ca\/International\/wp-json\/wp\/v2\/users\/1788"}],"replies":[{"embeddable":true,"href":"https:\/\/linitiative.ca\/International\/wp-json\/wp\/v2\/comments?post=141169"}],"version-history":[{"count":0,"href":"https:\/\/linitiative.ca\/International\/wp-json\/wp\/v2\/posts\/141169\/revisions"}],"wp:attachment":[{"href":"https:\/\/linitiative.ca\/International\/wp-json\/wp\/v2\/media?parent=141169"}],"wp:term":[{"taxonomy":"category","embeddable":true,"href":"https:\/\/linitiative.ca\/International\/wp-json\/wp\/v2\/categories?post=141169"},{"taxonomy":"post_tag","embeddable":true,"href":"https:\/\/linitiative.ca\/International\/wp-json\/wp\/v2\/tags?post=141169"}],"curies":[{"name":"wp","href":"https:\/\/api.w.org\/{rel}","templated":true}]}}