{"id":14117,"date":"2019-02-14T04:24:17","date_gmt":"2019-02-14T09:24:17","guid":{"rendered":"https:\/\/linitiative.ca\/International\/presidentielle-de-2020-zephirin-diabre-nest-pas-essayable-selon-francois-tambi-kabore-du-ppr\/"},"modified":"2019-02-14T04:24:17","modified_gmt":"2019-02-14T09:24:17","slug":"presidentielle-de-2020-zephirin-diabre-nest-pas-essayable-selon-francois-tambi-kabore-du-ppr","status":"publish","type":"post","link":"https:\/\/linitiative.ca\/International\/presidentielle-de-2020-zephirin-diabre-nest-pas-essayable-selon-francois-tambi-kabore-du-ppr\/","title":{"rendered":"PRESIDENTIELLE DE 2020  :   \u00ab  Z\u00e9phirin Diabr\u00e9, n\u2019est (\u2026) pas \u00ab essayable \u00bb, selon Fran\u00e7ois Tambi Kabor\u00e9 du PPR"},"content":{"rendered":"<header>\n<\/header>\n<div class=\"entry-content clearfix\" readability=\"66\"><img decoding=\"async\" class=\"post_layout_5_img\" src=\"http:\/\/lepays.bf\/wp-content\/uploads\/2019\/02\/01-4-1.jpg\" alt=\"PRESIDENTIELLE DE 2020 : \u00ab Z\u00e9phirin Diabr\u00e9, n\u2019est (\u2026) pas \u00ab essayable \u00bb, selon Fran\u00e7ois Tambi Kabor\u00e9 du PPR\"\/><\/p>\n<p><strong>Ceci est une d\u00e9claration du Parti du Peuple R\u00e9publicain (PPR)\u00a0 en r\u00e9ponse \u00e0 la sortie de Z\u00e9phirin Diabr\u00e9, pr\u00e9sident de l\u2019UPC, lors de la pr\u00e9sentation de v\u0153ux du parti le 12 f\u00e9vrier dernier.<\/strong><\/p>\n<p><strong>\u00a0<\/strong><\/p>\n<p class=\"c4\">Le 12 f\u00e9vrier 2019, le pr\u00e9sident de l\u2019UPC a re\u00e7u les v\u0153ux des militants de son parti. Il a profit\u00e9 de cette c\u00e9r\u00e9monie pour entrer en campagne pour l\u2019\u00e9lection pr\u00e9sidentielle de 2020.<\/p>\n<p class=\"c4\">Les militants de l\u2019UPC ont offert \u00e0 leur pr\u00e9sident,\u00a0 comme cadeau de nouvelle ann\u00e9e, une selle de chameau. Je dois reconna\u00eetre que les militants ont \u00e9t\u00e9 tr\u00e8s inspir\u00e9s en lui offrant cette selle de chameau car sa course vers Kosyam sera tr\u00e8s, tr\u00e8s, tr\u00e8s longue et d\u00e9sertique. Comme tout le monde le sait, dans le d\u00e9sert, on voit \u00a0souvent des mirages.<\/p>\n<p class=\"c4\">Dans son <em>\u00ab\u00a0discours\u00a0<\/em>\u00bb de campagne pr\u00e9matur\u00e9e, il a demand\u00e9 aux Burkinab\u00e8 de <em>\u00ab\u00a0l\u2019essayer\u00a0\u00bb<\/em> car <em>\u00ab\u00a0tous les autres grands partis sont ou ont d\u00e9j\u00e0 \u00e9t\u00e9 aux affaires\u00a0\u00bb<\/em>. Il ajoute que si l\u2019UPC arrive aux affaires, <em>\u00ab\u00a0personne n\u2019aura \u00e0 traverser la fronti\u00e8re\u2026.\u00a0\u00bb<\/em> et que <em>\u00ab\u00a0tous ceux qui sont dehors pourraient rentrer\u00a0\u00bb.<\/em><\/p>\n<p class=\"c4\">En tant que parti membre de l\u2019Alliance des partis de la Majorit\u00e9 Pr\u00e9sidentielle (APMP) et soutenant le Programme du pr\u00e9sident Kabor\u00e9, le Parti du Peuple R\u00e9publicain (PPR) voudrait, en r\u00e9ponse aux propos d\u00e9magogiques du pr\u00e9sident de l\u2019UPC, partager avec vos lecteurs les observations suivantes\u00a0:<\/p>\n<ul class=\"c5\">\n<li>Le pr\u00e9sident de l\u2019UPC sait que le Pr\u00e9sident Kabor\u00e9 n\u2019a pas chass\u00e9 un seul Burkinab\u00e8 du Burkina Faso depuis qu\u2019il est aux affaires. Oui\u00a0! il existe des gens qui s\u2019interdisent de rentrer au pays parce qu\u2019ils ont pos\u00e9 des actes pr\u00e9judiciables aux int\u00e9r\u00eats des Burkinab\u00e8. En pla\u00e7ant cette question au centre de son <em>\u00ab\u00a0programme de campagne\u00a0\u00bb,<\/em> le pr\u00e9sident de l\u2019UPC pense, comme d\u2019habitude, conclure des alliances contre-natures dans le but uniquement de servir ses int\u00e9r\u00eats personnels. Il se moque \u00e9perdument des dommages que le peuple a subis.<\/li>\n<li>Les attaques terroristes auxquelles le Burkina fait face ne sont pas dues \u00e0 des \u00e9ventuels manquements dans la gestion des affaires par le Pr\u00e9sident Kabor\u00e9. On se rappelle en effet, que la premi\u00e8re attaque terroriste a \u00e9t\u00e9 perp\u00e9tr\u00e9e le 15 janvier 2016, soit seulement 9 jours apr\u00e8s la mise en place du premier gouvernement de Paul Kaba Thi\u00e9ba, le 6 janvier 2016. L\u2019opposition et surtout l\u2019UPC a beau fermer les yeux en rab\u00e2chant des d\u00e9clarations d\u00e9magogiques, les Burkinab\u00e8 savent que les attaques terroristes visent principalement \u00e0 emp\u00eacher le pr\u00e9sident Kabor\u00e9 de d\u00e9rouler avec succ\u00e8s son programme. Si nous acceptons cette v\u00e9rit\u00e9, en surfant sur la situation s\u00e9curitaire, l\u2019UPC pourrait avoir une certaine sympathie avec les responsables des actions de barbarie dont notre peuple fait l\u2019objet. Les terroristes ne font pas de distinction id\u00e9ologique entre les Burkinab\u00e8. Pouvons-nous raisonnablement accorder un quelconque cr\u00e9dit aux critiques <em>\u00ab\u00a0constructives\u00a0\u00bb<\/em> d\u2019un sympathisant du terrorisme\u00a0 au Burkina Faso?<\/li>\n<li>Le pr\u00e9sident de l\u2019UPC a \u00e9t\u00e9 plusieurs fois ministre sous Blaise Compaor\u00e9. Il a donc \u00e9t\u00e9 aux affaires. On ne se rappelle pas que le pr\u00e9sident actuel de l\u2019UPC ait d\u00e9missionn\u00e9 du gouvernement Compaor\u00e9, au contraire. Le Pr\u00e9sident Z\u00e9phirin Diabr\u00e9 n\u2019est donc pas <em>\u00ab\u00a0essayable\u00a0\u00bb.<\/em><\/li>\n<li>Le pr\u00e9sident actuel de l\u2019UPC, pour des raisons probablement \u00e9go\u00efstes ou de manque de confiance en soi, n\u2019a pas voulu assumer ses responsabilit\u00e9s en 2014 et en 2015, apr\u00e8s avoir <img loading=\"lazy\" decoding=\"async\" class=\"alignnone size-medium wp-image-60124\" src=\"http:\/\/lepays.bf\/wp-content\/uploads\/2019\/02\/01-5-1-270x300.jpg\" alt=\"\" width=\"270\" height=\"300\" srcset=\"http:\/\/lepays.bf\/wp-content\/uploads\/2019\/02\/01-5-1-270x300.jpg 270w, http:\/\/lepays.bf\/wp-content\/uploads\/2019\/02\/01-5-1.jpg 425w\" sizes=\"auto, (max-width: 270px) 100vw, 270px\"\/>conduit des Burkinab\u00e8 \u00e0 faire le sacrifice supr\u00eame. Voulait-il que d\u2019autres personnes viennent essuyer le fauteuil pr\u00e9sidentiel pour lui\u00a0? <em>\u00ab\u00a0Essayer cet homme\u00a0\u00bb,<\/em> c\u2019est donc \u00a0ouvrir au Burkina la voie \u00e0 des despotismes, \u00e0 des incertitudes, \u00e0 des gestions claniques et douteuses et \u00e0 un manque\u00a0\u00a0 de leadership. Pour 2020, les Burkinab\u00e8 veulent un Homme en qui ils peuvent faire confiance pour conduire le pays avec clairvoyance et sans amertume, un Homme courageux et rassembleur.<\/li>\n<\/ul>\n<p><strong>Fran\u00e7ois Tambi KABORE<\/strong><\/p>\n<p><strong>Pr\u00e9sident du PPR<\/strong><\/p>\n<p><strong>\u00a0<\/strong><\/p>\n<\/div>\n<p>Auteur: Le Pays<br \/>\n<a href=\"http:\/\/lepays.bf\/presidentielle-de-2020-zephirin-diabre-nest-pas-essayable-selon-francois-tambi-kabore-du-ppr\/\">Cliquez ici pour lire l&rsquo;article depuis sa source.<\/a><\/p>\n","protected":false},"excerpt":{"rendered":"<p>Ceci est une d\u00e9claration du Parti du Peuple R\u00e9publicain (PPR)\u00a0 en r\u00e9ponse \u00e0 la sortie de Z\u00e9phirin Diabr\u00e9, pr\u00e9sident de l\u2019UPC, lors de la pr\u00e9sentation de v\u0153ux du parti le 12 f\u00e9vrier dernier. \u00a0 Le 12 f\u00e9vrier 2019, le pr\u00e9sident de l\u2019UPC a re\u00e7u les v\u0153ux des militants de son parti. Il a profit\u00e9 de [&hellip;]<\/p>\n","protected":false},"author":1813,"featured_media":14123,"comment_status":"closed","ping_status":"closed","sticky":false,"template":"","format":"standard","meta":{"fifu_image_url":"","fifu_image_alt":"","footnotes":""},"categories":[73,81],"tags":[],"class_list":["post-14117","post","type-post","status-publish","format-standard","has-post-thumbnail","hentry","category-actualite","category-burkina-faso"],"_links":{"self":[{"href":"https:\/\/linitiative.ca\/International\/wp-json\/wp\/v2\/posts\/14117","targetHints":{"allow":["GET"]}}],"collection":[{"href":"https:\/\/linitiative.ca\/International\/wp-json\/wp\/v2\/posts"}],"about":[{"href":"https:\/\/linitiative.ca\/International\/wp-json\/wp\/v2\/types\/post"}],"author":[{"embeddable":true,"href":"https:\/\/linitiative.ca\/International\/wp-json\/wp\/v2\/users\/1813"}],"replies":[{"embeddable":true,"href":"https:\/\/linitiative.ca\/International\/wp-json\/wp\/v2\/comments?post=14117"}],"version-history":[{"count":0,"href":"https:\/\/linitiative.ca\/International\/wp-json\/wp\/v2\/posts\/14117\/revisions"}],"wp:featuredmedia":[{"embeddable":true,"href":"https:\/\/linitiative.ca\/International\/wp-json\/"}],"wp:attachment":[{"href":"https:\/\/linitiative.ca\/International\/wp-json\/wp\/v2\/media?parent=14117"}],"wp:term":[{"taxonomy":"category","embeddable":true,"href":"https:\/\/linitiative.ca\/International\/wp-json\/wp\/v2\/categories?post=14117"},{"taxonomy":"post_tag","embeddable":true,"href":"https:\/\/linitiative.ca\/International\/wp-json\/wp\/v2\/tags?post=14117"}],"curies":[{"name":"wp","href":"https:\/\/api.w.org\/{rel}","templated":true}]}}