{"id":141171,"date":"2022-02-18T07:14:19","date_gmt":"2022-02-18T12:14:19","guid":{"rendered":"https:\/\/linitiative.ca\/International\/sm-le-roi-adresse-un-discours-au-6eme-sommet-union-europeenne-union-africaine\/"},"modified":"2022-02-18T07:14:19","modified_gmt":"2022-02-18T12:14:19","slug":"sm-le-roi-adresse-un-discours-au-6eme-sommet-union-europeenne-union-africaine","status":"publish","type":"post","link":"https:\/\/linitiative.ca\/International\/sm-le-roi-adresse-un-discours-au-6eme-sommet-union-europeenne-union-africaine\/","title":{"rendered":"SM le Roi adresse un Discours au 6\u00e8me sommet Union Europ\u00e9enne-Union Africaine"},"content":{"rendered":"<div>\n<div style=\"margin-bottom:20px;\"><img loading=\"lazy\" decoding=\"async\" width=\"750\" height=\"430\" src=\"https:\/\/linitiative.ca\/International\/wp-content\/uploads\/sites\/23\/2022\/02\/SM-le-Roi_750x430-1.jpg\" class=\"attachment-post-thumbnail size-post-thumbnail wp-post-image\" alt=\"\" srcset=\"https:\/\/linitiative.ca\/International\/wp-content\/uploads\/sites\/23\/2022\/02\/SM-le-Roi_750x430-1.jpg 750w, https:\/\/www.mapoujda.ma\/map\/uploads\/2021\/08\/SM-le-Roi_750x430-1-300x172.jpg 300w\" sizes=\"auto, (max-width: 750px) 100vw, 750px\"><\/div>\n<p style=\"text-align: justify;\">SM le Roi Mohammed VI a adress\u00e9, vendredi, un discours au 6\u00e8me sommet Union europ\u00e9enne (UE)-Union Africaine (UA), qui se tient \u00e0 Bruxelles.<\/p>\n<p style=\"text-align: justify;\">Voici le texte int\u00e9gral du discours Royal, dont lecture a \u00e9t\u00e9 donn\u00e9e par le ministre des Affaires \u00e9trang\u00e8res, de la Coop\u00e9ration africaine et des Marocains r\u00e9sidant \u00e0 l\u2019\u00e9tranger, M. Nasser Bourita.<\/p>\n<p style=\"text-align: justify;\">\u00ab\u00a0Excellences Mesdames et Messieurs les Chefs d\u2019Etat et de Gouvernement ;<\/p>\n<p style=\"text-align: justify;\">Excellences, Mesdames et Messieurs ;<\/p>\n<p style=\"text-align: justify;\">C\u2019est tout naturellement en s\u2019inscrivant dans le sens de l\u2019histoire et de l\u2019exigence d\u2019un destin partag\u00e9 que le Maroc s\u2019adresse simultan\u00e9ment \u00e0 l\u2019Afrique \u00e0 laquelle il appartient et \u00e0 l\u2019Europe, partenaire voisine et imm\u00e9diate.<\/p>\n<p style=\"text-align: justify;\">L\u2019\u00e9ducation, la culture, la formation professionnelle, la mobilit\u00e9 et la migration : telles sont les priorit\u00e9s de Notre action : au Maroc, en Afrique et dans le cadre de Notre partenariat avec l\u2019Union Europ\u00e9enne.<\/p>\n<p style=\"text-align: justify;\">D\u2019abord et avant tout, parce que c\u2019est sur la jeunesse \u2013 notre capital humain \u2013 que ces th\u00e9matiques convergent et que c\u2019est pour elle que le Partenariat entre les deux continents doit investir, pour atteindre son plein potentiel.<\/p>\n<p style=\"text-align: justify;\">Ensuite, parce que ces secteurs majeurs ont \u00e9t\u00e9 touch\u00e9s de plein fouet par la pand\u00e9mie, ce qui exige de nous une action commune d\u2019envergure.<\/p>\n<p style=\"text-align: justify;\">En premier lieu, dans le domaine de l\u2019\u00e9ducation, rappelons que 94% des \u00e9l\u00e8ves du monde ont subi les fermetures des \u00e9tablissements au plus fort de la pand\u00e9mie. Il nous appartient de sanctuariser la continuit\u00e9 de l\u2019enseignement, en tenant compte du nouveau contexte de transformation digitale de l\u2019\u00e9ducation. Cette exigence g\u00e9n\u00e9rale est particuli\u00e8rement vitale en Afrique o\u00f9 50% de la population ont moins de 20 ans.<\/p>\n<p style=\"text-align: justify;\">Par ailleurs, nos \u00e9coles, nos universit\u00e9s et nos \u00e9tablissements de formation professionnelle ont besoin, au m\u00eame titre que nos \u00e9conomies respectives, d\u2019une relance robuste, pour rattraper les quelque 1.800 milliards d\u2019heures d\u2019apprentissage perdues.<\/p>\n<p style=\"text-align: justify;\">En outre, la pand\u00e9mie n\u2019a pas non plus \u00e9pargn\u00e9 la culture, en termes \u00e9conomiques d\u2019abord, du point de vue de son acc\u00e8s ensuite : en ce domaine, le choc a \u00e9t\u00e9 consid\u00e9rable. Il s\u2019agit donc aujourd\u2019hui de r\u00e9tablir les coop\u00e9rations culturelles, afin de relancer le secteur \u2013 v\u00e9ritable levier de rapprochement en Afrique, en Europe et entre l\u2019Afrique et l\u2019Europe.<\/p>\n<p style=\"text-align: justify;\">Enfin, la pand\u00e9mie a d\u00e9montr\u00e9 qu\u2019en termes de mobilit\u00e9, les migrants ne portent pas atteinte \u00e0 l\u2019\u00e9conomie. Ils ont m\u00eame un impact positif, pour les pays d\u2019accueil \u2013 o\u00f9 ils sont souvent des \u00ab\u00a0travailleurs essentiels\u00a0\u00bb \u2013 et pour leurs pays d\u2019origine. Il faut donc appr\u00e9hender la question de la migration pour ce qu\u2019elle est : non pas seulement un d\u00e9fi, mais bien plut\u00f4t un condens\u00e9 d\u2019opportunit\u00e9s.<\/p>\n<p style=\"text-align: justify;\">Nous l\u2019affirmons avec d\u2019autant plus de conviction qu\u2019en Notre qualit\u00e9 de Leader de l\u2019Union Africaine sur la Question de la Migration, nous avons toujours souhait\u00e9 dissiper les malentendus. Telle est d\u2019ailleurs la vocation de l\u2019Observatoire Africain des Migrations, dont Nous avons impuls\u00e9 la cr\u00e9ation : objectiver les donn\u00e9es ; r\u00e9tablir les v\u00e9rit\u00e9s ; concilier les int\u00e9r\u00eats de l\u2019Afrique et de l\u2019Europe lorsqu\u2019ils semblent contradictoires et substituer, au tout-s\u00e9curitaire, le continuum mobilit\u00e9-d\u00e9veloppement, dans l\u2019esprit humaniste du Pacte de Marrakech.<\/p>\n<p style=\"text-align: justify;\">Excellences, Mesdames et Messieurs,<\/p>\n<p style=\"text-align: justify;\">Garantir l\u2019\u00e9ducation, acc\u00e9l\u00e9rer la formation et l\u2019employabilit\u00e9 de notre jeunesse, promouvoir la culture, ordonner la migration et la mobilit\u00e9 constituent l\u2019enjeu du Partenariat entre l\u2019Union Africaine et l\u2019Union Europ\u00e9enne.<\/p>\n<p style=\"text-align: justify;\">C\u2019est avec ces objectifs porteurs d\u2019avenir que notre approche du partenariat doit se mettre en phase. Ni l\u2019Afrique ni l\u2019Europe ne peuvent les atteindre en agissant de mani\u00e8re isol\u00e9e. Notre responsabilit\u00e9 est commune. Notre int\u00e9r\u00eat ne l\u2019est pas moins.<\/p>\n<p style=\"text-align: justify;\">Puissent nos d\u00e9bats d\u2019aujourd\u2019hui \u00eatre un pas dans cette direction. Car, la vraie richesse du partenariat entre l\u2019Union Africaine et l\u2019Union Europ\u00e9enne, n\u2019est pas de r\u00e9unir 81 pays ; c\u2019est de les engager r\u00e9solument vers la paix, la stabilit\u00e9 et la prosp\u00e9rit\u00e9 partag\u00e9e ; c\u2019est-\u00e0-dire, vers l\u2019avenir de tous les citoyens, africains et europ\u00e9ens\u00a0\u00bb.<\/p>\n<p>L\u2019article <a rel=\"nofollow\" href=\"https:\/\/www.mapoujda.ma\/fr\/sm-le-roi-adresse-un-discours-au-6eme-sommet-union-europeenne-union-africaine\/\">SM le Roi adresse un Discours au 6\u00e8me sommet Union Europ\u00e9enne-Union Africaine<\/a> est apparu en premier sur <a rel=\"nofollow\" href=\"https:\/\/www.mapoujda.ma\/fr\">MapOujda<\/a>.<\/p>\n<\/div>\n<p>Auteur: Soufiane ELAHMAR<br \/>\n<a href=\"https:\/\/www.mapoujda.ma\/fr\/sm-le-roi-adresse-un-discours-au-6eme-sommet-union-europeenne-union-africaine\/\">Cliquez ici pour lire l&rsquo;article depuis sa source.<\/a><\/p>\n","protected":false},"excerpt":{"rendered":"<p>SM le Roi Mohammed VI a adress\u00e9, vendredi, un discours au 6\u00e8me sommet Union europ\u00e9enne (UE)-Union Africaine (UA), qui se tient \u00e0 Bruxelles. Voici le texte int\u00e9gral du discours Royal, dont lecture a \u00e9t\u00e9 donn\u00e9e par le ministre des Affaires \u00e9trang\u00e8res, de la Coop\u00e9ration africaine et des Marocains r\u00e9sidant \u00e0 l\u2019\u00e9tranger, M. Nasser Bourita. \u00ab\u00a0Excellences [&hellip;]<\/p>\n","protected":false},"author":1788,"featured_media":0,"comment_status":"closed","ping_status":"closed","sticky":false,"template":"","format":"standard","meta":{"fifu_image_url":"https:\/\/www.mapoujda.ma\/map\/uploads\/2021\/08\/SM-le-Roi_750x430-1.jpg","fifu_image_alt":"SM le Roi adresse un Discours au 6\u00e8me sommet Union Europ\u00e9enne-Union Africaine","footnotes":""},"categories":[54,76],"tags":[],"class_list":["post-141171","post","type-post","status-publish","format-standard","hentry","category-maroc","category-regions"],"_links":{"self":[{"href":"https:\/\/linitiative.ca\/International\/wp-json\/wp\/v2\/posts\/141171","targetHints":{"allow":["GET"]}}],"collection":[{"href":"https:\/\/linitiative.ca\/International\/wp-json\/wp\/v2\/posts"}],"about":[{"href":"https:\/\/linitiative.ca\/International\/wp-json\/wp\/v2\/types\/post"}],"author":[{"embeddable":true,"href":"https:\/\/linitiative.ca\/International\/wp-json\/wp\/v2\/users\/1788"}],"replies":[{"embeddable":true,"href":"https:\/\/linitiative.ca\/International\/wp-json\/wp\/v2\/comments?post=141171"}],"version-history":[{"count":0,"href":"https:\/\/linitiative.ca\/International\/wp-json\/wp\/v2\/posts\/141171\/revisions"}],"wp:attachment":[{"href":"https:\/\/linitiative.ca\/International\/wp-json\/wp\/v2\/media?parent=141171"}],"wp:term":[{"taxonomy":"category","embeddable":true,"href":"https:\/\/linitiative.ca\/International\/wp-json\/wp\/v2\/categories?post=141171"},{"taxonomy":"post_tag","embeddable":true,"href":"https:\/\/linitiative.ca\/International\/wp-json\/wp\/v2\/tags?post=141171"}],"curies":[{"name":"wp","href":"https:\/\/api.w.org\/{rel}","templated":true}]}}