{"id":141173,"date":"2022-02-18T07:22:25","date_gmt":"2022-02-18T12:22:25","guid":{"rendered":"https:\/\/linitiative.ca\/International\/reprise-des-visites-familiales-a-partir-du-28-fevrier-dgapr\/"},"modified":"2022-02-18T07:22:25","modified_gmt":"2022-02-18T12:22:25","slug":"reprise-des-visites-familiales-a-partir-du-28-fevrier-dgapr","status":"publish","type":"post","link":"https:\/\/linitiative.ca\/International\/reprise-des-visites-familiales-a-partir-du-28-fevrier-dgapr\/","title":{"rendered":"Reprise des visites familiales \u00e0 partir du 28 f\u00e9vrier (DGAPR)"},"content":{"rendered":"<div>\n<div style=\"margin-bottom:20px;\"><img loading=\"lazy\" decoding=\"async\" width=\"750\" height=\"430\" src=\"https:\/\/linitiative.ca\/International\/wp-content\/uploads\/sites\/23\/2022\/02\/SiC3A8ge-de-la-DGAPR-M750C397430-MAP.jpg\" class=\"attachment-post-thumbnail size-post-thumbnail wp-post-image\" alt=\"\" srcset=\"https:\/\/linitiative.ca\/International\/wp-content\/uploads\/sites\/23\/2022\/02\/SiC3A8ge-de-la-DGAPR-M750C397430-MAP.jpg 750w, https:\/\/www.mapoujda.ma\/map\/uploads\/2020\/10\/Si\u00e8ge-de-la-DGAPR-M750\u00d7430-MAP-300x172.jpg 300w\" sizes=\"auto, (max-width: 750px) 100vw, 750px\"><\/div>\n<p style=\"text-align: justify;\">Les visites familiales au profit des d\u00e9tenus dans l\u2019ensemble des \u00e9tablissements p\u00e9nitentiaires reprendront \u00e0 partir de lundi 28 f\u00e9vrier, suite \u00e0 l\u2019\u00e9volution positive de la situation \u00e9pid\u00e9miologique dans le Royaume, a annonc\u00e9 vendredi D\u00e9l\u00e9gation G\u00e9n\u00e9rale \u00e0 l\u2019Administration p\u00e9nitentiaire et \u00e0 la r\u00e9insertion (DGAPR).<\/p>\n<p style=\"text-align: justify;\">Dans un communiqu\u00e9, la m\u00eame source pr\u00e9cise que chaque d\u00e9tenu sera autoris\u00e9 \u00e0 recevoir, chaque quinzaine, la visite de deux membres de sa famille sans limite du nombre des enfants, faisant savoir que des facilit\u00e9s n\u00e9cessaires seront accord\u00e9es aux membres de la communaut\u00e9 marocaine \u00e9tablie \u00e0 l\u2019\u00e9tranger et aux visiteurs en provenance de l\u2019\u00e9tranger leur permettant de rendre visite \u00e0 leurs proches.<\/p>\n<p style=\"text-align: justify;\">Les visiteurs doivent fournir le pass vaccinal t\u00e9moignant qu\u2019ils ont re\u00e7u les doses requises ou l\u2019attestation d\u2019exemption de la vaccination contre la Covid-19 pour les personnes ayant des soucis de sant\u00e9, comme condition pour acc\u00e9der \u00e0 l\u2019\u00e9tablissement p\u00e9nitentiaire, poursuit le communiqu\u00e9, soulignant la n\u00e9cessit\u00e9 du strict respect des diff\u00e9rentes mesures pr\u00e9ventives li\u00e9es \u00e0 la lutte contre la propagation du coronavirus, en vue de garantir la s\u00e9curit\u00e9 des fonctionnaires, des d\u00e9tenus et des usagers.<\/p>\n<p>L\u2019article <a rel=\"nofollow\" href=\"https:\/\/www.mapoujda.ma\/fr\/reprise-des-visites-familiales-a-partir-du-28-fevrier-dgapr\/\">Reprise des visites familiales \u00e0 partir du 28 f\u00e9vrier (DGAPR)<\/a> est apparu en premier sur <a rel=\"nofollow\" href=\"https:\/\/www.mapoujda.ma\/fr\">MapOujda<\/a>.<\/p>\n<\/div>\n<p>Auteur: Soufiane ELAHMAR<br \/>\n<a href=\"https:\/\/www.mapoujda.ma\/fr\/reprise-des-visites-familiales-a-partir-du-28-fevrier-dgapr\/\">Cliquez ici pour lire l&rsquo;article depuis sa source.<\/a><\/p>\n","protected":false},"excerpt":{"rendered":"<p>Les visites familiales au profit des d\u00e9tenus dans l\u2019ensemble des \u00e9tablissements p\u00e9nitentiaires reprendront \u00e0 partir de lundi 28 f\u00e9vrier, suite \u00e0 l\u2019\u00e9volution positive de la situation \u00e9pid\u00e9miologique dans le Royaume, a annonc\u00e9 vendredi D\u00e9l\u00e9gation G\u00e9n\u00e9rale \u00e0 l\u2019Administration p\u00e9nitentiaire et \u00e0 la r\u00e9insertion (DGAPR). Dans un communiqu\u00e9, la m\u00eame source pr\u00e9cise que chaque d\u00e9tenu sera autoris\u00e9 [&hellip;]<\/p>\n","protected":false},"author":1788,"featured_media":0,"comment_status":"closed","ping_status":"closed","sticky":false,"template":"","format":"standard","meta":{"fifu_image_url":"https:\/\/www.mapoujda.ma\/map\/uploads\/2020\/10\/Si\u00e8ge-de-la-DGAPR-M750\u00d7430-MAP.jpg","fifu_image_alt":"Reprise des visites familiales \u00e0 partir du 28 f\u00e9vrier (DGAPR)","footnotes":""},"categories":[54,76],"tags":[],"class_list":["post-141173","post","type-post","status-publish","format-standard","hentry","category-maroc","category-regions"],"_links":{"self":[{"href":"https:\/\/linitiative.ca\/International\/wp-json\/wp\/v2\/posts\/141173","targetHints":{"allow":["GET"]}}],"collection":[{"href":"https:\/\/linitiative.ca\/International\/wp-json\/wp\/v2\/posts"}],"about":[{"href":"https:\/\/linitiative.ca\/International\/wp-json\/wp\/v2\/types\/post"}],"author":[{"embeddable":true,"href":"https:\/\/linitiative.ca\/International\/wp-json\/wp\/v2\/users\/1788"}],"replies":[{"embeddable":true,"href":"https:\/\/linitiative.ca\/International\/wp-json\/wp\/v2\/comments?post=141173"}],"version-history":[{"count":0,"href":"https:\/\/linitiative.ca\/International\/wp-json\/wp\/v2\/posts\/141173\/revisions"}],"wp:attachment":[{"href":"https:\/\/linitiative.ca\/International\/wp-json\/wp\/v2\/media?parent=141173"}],"wp:term":[{"taxonomy":"category","embeddable":true,"href":"https:\/\/linitiative.ca\/International\/wp-json\/wp\/v2\/categories?post=141173"},{"taxonomy":"post_tag","embeddable":true,"href":"https:\/\/linitiative.ca\/International\/wp-json\/wp\/v2\/tags?post=141173"}],"curies":[{"name":"wp","href":"https:\/\/api.w.org\/{rel}","templated":true}]}}