{"id":141175,"date":"2022-02-18T09:58:47","date_gmt":"2022-02-18T14:58:47","guid":{"rendered":"https:\/\/linitiative.ca\/International\/lancement-du-service-de-paiement-electronique-des-amendes-liees-au-controle-radar\/"},"modified":"2022-02-18T09:58:47","modified_gmt":"2022-02-18T14:58:47","slug":"lancement-du-service-de-paiement-electronique-des-amendes-liees-au-controle-radar","status":"publish","type":"post","link":"https:\/\/linitiative.ca\/International\/lancement-du-service-de-paiement-electronique-des-amendes-liees-au-controle-radar\/","title":{"rendered":"Lancement du service de paiement \u00e9lectronique des amendes li\u00e9es au contr\u00f4le radar"},"content":{"rendered":"<div>\n<div style=\"margin-bottom:20px;\"><img loading=\"lazy\" decoding=\"async\" width=\"750\" height=\"430\" src=\"https:\/\/linitiative.ca\/International\/wp-content\/uploads\/sites\/23\/2022\/02\/MinistC3A8re-de-la-justice-Abdellatif-Ouahbi-750C397430-MAP.jpg\" class=\"attachment-post-thumbnail size-post-thumbnail wp-post-image\" alt=\"\" srcset=\"https:\/\/linitiative.ca\/International\/wp-content\/uploads\/sites\/23\/2022\/02\/MinistC3A8re-de-la-justice-Abdellatif-Ouahbi-750C397430-MAP.jpg 750w, https:\/\/www.mapoujda.ma\/map\/uploads\/2022\/02\/Minist\u00e8re-de-la-justice-Abdellatif-Ouahbi-750\u00d7430-MAP-300x172.jpg 300w\" sizes=\"auto, (max-width: 750px) 100vw, 750px\"><\/div>\n<p style=\"text-align: justify;\">Le ministre de la Justice Abdellatif Ouahbi a annonc\u00e9, vendredi \u00e0 Rabat, le lancement du service de paiement \u00e9lectronique des amendes pour les infractions et d\u00e9lits signal\u00e9s par radar fixe, \u00e0 travers le site \u00ab\u00a0amendes.justice.gov.ma\u00a0\u00bb.<\/p>\n<p style=\"text-align: justify;\">Lors d\u2019une rencontre \u00e0 l\u2019occasion de la Journ\u00e9e nationale de la s\u00e9curit\u00e9 routi\u00e8re (18 f\u00e9vrier), M. Ouahbi a indiqu\u00e9 qu\u2019il s\u2019agit d\u2019un syst\u00e8me de paiement \u00e9lectronique mis au point en partenariat avec l\u2019Agence nationale de la s\u00e9curit\u00e9 routi\u00e8re (NARSA) et la Caisse de d\u00e9p\u00f4t et de gestion (CDG) permettant un r\u00e8glement souple, rapide et s\u00e9curis\u00e9e, concernant les infractions et d\u00e9lits signal\u00e9s par le radar fixe et d\u00e9f\u00e9r\u00e9s devant les tribunaux.<\/p>\n<p style=\"text-align: justify;\">Ce service est accessible directement via le site web susmentionn\u00e9 ou le portail \u00ab\u00a0mahakim.ma\u00a0\u00bb, en saisissant le num\u00e9ro du PV figurant dans la notification envoy\u00e9e par la NARSA en vue de confirmer le prononc\u00e9 du jugement et le montant de l\u2019amende.<\/p>\n<p style=\"text-align: justify;\">Dans ce cas, les informations du demandeur, y compris son adresse e-mail, ainsi que les donn\u00e9es relatives au paiement pour le CMI doivent \u00eatre renseign\u00e9es, pr\u00e9cise un communiqu\u00e9 du minist\u00e8re.<\/p>\n<p style=\"text-align: justify;\">Une fois le paiement v\u00e9rifi\u00e9, un e-mail est envoy\u00e9 au demandeur pour confirmer le processus et mettre \u00e0 jour les donn\u00e9es du dossier indiquant que l\u2019amende a \u00e9t\u00e9 pay\u00e9e.<\/p>\n<p style=\"text-align: justify;\">D\u2019autre part, le ministre de la Justice a soulign\u00e9 qu\u2019avec l\u2019augmentation du nombre des nouveaux radars permettent ouvrent \u00e0 la voie \u00e0 la garantie de la transparence dans la r\u00e9alisation des PV et \u00e0 la r\u00e9duction des infractions et des accidents de la circulation.<\/p>\n<p style=\"text-align: justify;\">Au cours de l\u2019ann\u00e9e 2021, un total de 182.354 jugements ont \u00e9t\u00e9 rendus en lien avec les proc\u00e8s-verbaux d\u2019infractions et d\u00e9lits signal\u00e9s par radar fixe, pour un montant global de 66.655.821 dirhams, alors que 717.100 dirhams ont \u00e9t\u00e9 per\u00e7us au cours de la m\u00eame ann\u00e9e.<\/p>\n<p style=\"text-align: justify;\">Le ministre a en outre mis en avant la n\u00e9cessit\u00e9 de renforcer l\u2019ouverture de l\u2019administration judiciaire sur les citoyens, les professionnels de la justice, les administrations, les usagers et tous les partenaires en offrant des prestations de qualit\u00e9 dans des d\u00e9lais raisonnables.<\/p>\n<p>L\u2019article <a rel=\"nofollow\" href=\"https:\/\/www.mapoujda.ma\/fr\/lancement-du-service-de-paiement-electronique-des-amendes-liees-au-controle-radar\/\">Lancement du service de paiement \u00e9lectronique des amendes li\u00e9es au contr\u00f4le radar<\/a> est apparu en premier sur <a rel=\"nofollow\" href=\"https:\/\/www.mapoujda.ma\/fr\">MapOujda<\/a>.<\/p>\n<\/div>\n<p>Auteur: Soufiane ELAHMAR<br \/>\n<a href=\"https:\/\/www.mapoujda.ma\/fr\/lancement-du-service-de-paiement-electronique-des-amendes-liees-au-controle-radar\/\">Cliquez ici pour lire l&rsquo;article depuis sa source.<\/a><\/p>\n","protected":false},"excerpt":{"rendered":"<p>Le ministre de la Justice Abdellatif Ouahbi a annonc\u00e9, vendredi \u00e0 Rabat, le lancement du service de paiement \u00e9lectronique des amendes pour les infractions et d\u00e9lits signal\u00e9s par radar fixe, \u00e0 travers le site \u00ab\u00a0amendes.justice.gov.ma\u00a0\u00bb. Lors d\u2019une rencontre \u00e0 l\u2019occasion de la Journ\u00e9e nationale de la s\u00e9curit\u00e9 routi\u00e8re (18 f\u00e9vrier), M. Ouahbi a indiqu\u00e9 qu\u2019il [&hellip;]<\/p>\n","protected":false},"author":1788,"featured_media":0,"comment_status":"closed","ping_status":"closed","sticky":false,"template":"","format":"standard","meta":{"fifu_image_url":"https:\/\/www.mapoujda.ma\/map\/uploads\/2022\/02\/Minist\u00e8re-de-la-justice-Abdellatif-Ouahbi-750\u00d7430-MAP.jpg","fifu_image_alt":"Lancement du service de paiement \u00e9lectronique des amendes li\u00e9es au contr\u00f4le radar","footnotes":""},"categories":[54,76],"tags":[],"class_list":["post-141175","post","type-post","status-publish","format-standard","hentry","category-maroc","category-regions"],"_links":{"self":[{"href":"https:\/\/linitiative.ca\/International\/wp-json\/wp\/v2\/posts\/141175","targetHints":{"allow":["GET"]}}],"collection":[{"href":"https:\/\/linitiative.ca\/International\/wp-json\/wp\/v2\/posts"}],"about":[{"href":"https:\/\/linitiative.ca\/International\/wp-json\/wp\/v2\/types\/post"}],"author":[{"embeddable":true,"href":"https:\/\/linitiative.ca\/International\/wp-json\/wp\/v2\/users\/1788"}],"replies":[{"embeddable":true,"href":"https:\/\/linitiative.ca\/International\/wp-json\/wp\/v2\/comments?post=141175"}],"version-history":[{"count":0,"href":"https:\/\/linitiative.ca\/International\/wp-json\/wp\/v2\/posts\/141175\/revisions"}],"wp:attachment":[{"href":"https:\/\/linitiative.ca\/International\/wp-json\/wp\/v2\/media?parent=141175"}],"wp:term":[{"taxonomy":"category","embeddable":true,"href":"https:\/\/linitiative.ca\/International\/wp-json\/wp\/v2\/categories?post=141175"},{"taxonomy":"post_tag","embeddable":true,"href":"https:\/\/linitiative.ca\/International\/wp-json\/wp\/v2\/tags?post=141175"}],"curies":[{"name":"wp","href":"https:\/\/api.w.org\/{rel}","templated":true}]}}