{"id":141179,"date":"2022-02-18T08:24:55","date_gmt":"2022-02-18T13:24:55","guid":{"rendered":"https:\/\/linitiative.ca\/International\/biougnach-accroit-ses-investissements-a-tanger\/"},"modified":"2022-02-18T08:24:55","modified_gmt":"2022-02-18T13:24:55","slug":"biougnach-accroit-ses-investissements-a-tanger","status":"publish","type":"post","link":"https:\/\/linitiative.ca\/International\/biougnach-accroit-ses-investissements-a-tanger\/","title":{"rendered":"Biougnach accro\u00eet ses investissements \u00e0 Tanger"},"content":{"rendered":"<div>\n<div class=\"field field-name-body field-type-text-with-summary field-label-hidden\">\n<div class=\"field-items\">\n<div class=\"field-item even\" property=\"content:encoded\">\n<p>La marque marocaine de distribution d\u2019\u00e9lectrom\u00e9nager, Biougnach, accroit ses investissements \u00e0 Tanger et conforte pleinement son engagement envers le d\u00e9veloppement de la r\u00e9gion du nord.<\/p>\n<p>Pr\u00e9sente depuis 2016 \u00e0 Tanger, la marque a investit depuis 2 ans plus de 30 millions de dirhams (MDH) et a cr\u00e9\u00e9 environ 60 emplois directs et 100 emplois indirects, indique Biougnach.\u00a0L\u2019enseigne se veut proche des habitants de Tanger, la preuve en est, sa pr\u00e9sence dans deux zones strat\u00e9giques de la ville \u00e0 savoir le centre commerciale SOCO ALTO et le boulevard Moulay Ismail, ajoute la m\u00eame source.<\/p>\n<\/div>\n<\/div>\n<\/div>\n<\/div>\n<p>Auteur: mbasraoui<br \/>\n<a href=\"https:\/\/www.leconomiste.com\/flash-infos\/biougnach-accroit-ses-investissements-tanger\">Cliquez ici pour lire l&rsquo;article depuis sa source.<\/a><\/p>\n","protected":false},"excerpt":{"rendered":"<p>La marque marocaine de distribution d\u2019\u00e9lectrom\u00e9nager, Biougnach, accroit ses investissements \u00e0 Tanger et conforte pleinement son engagement envers le d\u00e9veloppement de la r\u00e9gion du nord. Pr\u00e9sente depuis 2016 \u00e0 Tanger, la marque a investit depuis 2 ans plus de 30 millions de dirhams (MDH) et a cr\u00e9\u00e9 environ 60 emplois directs et 100 emplois indirects, [&hellip;]<\/p>\n","protected":false},"author":1763,"featured_media":0,"comment_status":"closed","ping_status":"closed","sticky":false,"template":"","format":"standard","meta":{"fifu_image_url":"","fifu_image_alt":"","footnotes":""},"categories":[78,54],"tags":[],"class_list":["post-141179","post","type-post","status-publish","format-standard","hentry","category-economie","category-maroc"],"_links":{"self":[{"href":"https:\/\/linitiative.ca\/International\/wp-json\/wp\/v2\/posts\/141179","targetHints":{"allow":["GET"]}}],"collection":[{"href":"https:\/\/linitiative.ca\/International\/wp-json\/wp\/v2\/posts"}],"about":[{"href":"https:\/\/linitiative.ca\/International\/wp-json\/wp\/v2\/types\/post"}],"author":[{"embeddable":true,"href":"https:\/\/linitiative.ca\/International\/wp-json\/wp\/v2\/users\/1763"}],"replies":[{"embeddable":true,"href":"https:\/\/linitiative.ca\/International\/wp-json\/wp\/v2\/comments?post=141179"}],"version-history":[{"count":0,"href":"https:\/\/linitiative.ca\/International\/wp-json\/wp\/v2\/posts\/141179\/revisions"}],"wp:attachment":[{"href":"https:\/\/linitiative.ca\/International\/wp-json\/wp\/v2\/media?parent=141179"}],"wp:term":[{"taxonomy":"category","embeddable":true,"href":"https:\/\/linitiative.ca\/International\/wp-json\/wp\/v2\/categories?post=141179"},{"taxonomy":"post_tag","embeddable":true,"href":"https:\/\/linitiative.ca\/International\/wp-json\/wp\/v2\/tags?post=141179"}],"curies":[{"name":"wp","href":"https:\/\/api.w.org\/{rel}","templated":true}]}}