{"id":141182,"date":"2022-02-18T09:49:00","date_gmt":"2022-02-18T14:49:00","guid":{"rendered":"https:\/\/linitiative.ca\/International\/cameroun-algerie-fixe-au-25-mars-a-douala\/"},"modified":"2022-02-18T09:49:00","modified_gmt":"2022-02-18T14:49:00","slug":"cameroun-algerie-fixe-au-25-mars-a-douala","status":"publish","type":"post","link":"https:\/\/linitiative.ca\/International\/cameroun-algerie-fixe-au-25-mars-a-douala\/","title":{"rendered":"Cameroun-Alg\u00e9rie fix\u00e9 au 25 mars \u00e0 Douala"},"content":{"rendered":"<div>Avant le match aller, les joueurs du s\u00e9lectionneur national Djamel Belmadi effectueront un stage bloqu\u00e9 \u00e0 partir du 21 mars \u00e0 Malabo en Guin\u00e9e \u00e9quatoriale&#8230;<\/div>\n<p>Auteur:<br \/>\n<a href=\"https:\/\/www.lebuteur.com\/article\/detail?titre=cameroun-algerie-fixe-au-25-mars-a-douala&#038;id=102323\">Cliquez ici pour lire l&rsquo;article depuis sa source.<\/a><\/p>\n","protected":false},"excerpt":{"rendered":"<p>Avant le match aller, les joueurs du s\u00e9lectionneur national Djamel Belmadi effectueront un stage bloqu\u00e9 \u00e0 partir du 21 mars \u00e0 Malabo en Guin\u00e9e \u00e9quatoriale&#8230; Auteur: Cliquez ici pour lire l&rsquo;article depuis sa source.<\/p>\n","protected":false},"author":1738,"featured_media":0,"comment_status":"closed","ping_status":"closed","sticky":false,"template":"","format":"standard","meta":{"fifu_image_url":"","fifu_image_alt":"","footnotes":""},"categories":[53,75],"tags":[],"class_list":["post-141182","post","type-post","status-publish","format-standard","hentry","category-algerie","category-sport"],"_links":{"self":[{"href":"https:\/\/linitiative.ca\/International\/wp-json\/wp\/v2\/posts\/141182","targetHints":{"allow":["GET"]}}],"collection":[{"href":"https:\/\/linitiative.ca\/International\/wp-json\/wp\/v2\/posts"}],"about":[{"href":"https:\/\/linitiative.ca\/International\/wp-json\/wp\/v2\/types\/post"}],"author":[{"embeddable":true,"href":"https:\/\/linitiative.ca\/International\/wp-json\/wp\/v2\/users\/1738"}],"replies":[{"embeddable":true,"href":"https:\/\/linitiative.ca\/International\/wp-json\/wp\/v2\/comments?post=141182"}],"version-history":[{"count":0,"href":"https:\/\/linitiative.ca\/International\/wp-json\/wp\/v2\/posts\/141182\/revisions"}],"wp:attachment":[{"href":"https:\/\/linitiative.ca\/International\/wp-json\/wp\/v2\/media?parent=141182"}],"wp:term":[{"taxonomy":"category","embeddable":true,"href":"https:\/\/linitiative.ca\/International\/wp-json\/wp\/v2\/categories?post=141182"},{"taxonomy":"post_tag","embeddable":true,"href":"https:\/\/linitiative.ca\/International\/wp-json\/wp\/v2\/tags?post=141182"}],"curies":[{"name":"wp","href":"https:\/\/api.w.org\/{rel}","templated":true}]}}