{"id":141187,"date":"2022-02-18T04:57:00","date_gmt":"2022-02-18T09:57:00","guid":{"rendered":"https:\/\/linitiative.ca\/International\/la-sta-revele-a-la-bourse-son-business-plan-montee-en-puissance-vers-le-haut-de-gamme-album-photos\/"},"modified":"2022-02-18T04:57:00","modified_gmt":"2022-02-18T09:57:00","slug":"la-sta-revele-a-la-bourse-son-business-plan-montee-en-puissance-vers-le-haut-de-gamme-album-photos","status":"publish","type":"post","link":"https:\/\/linitiative.ca\/International\/la-sta-revele-a-la-bourse-son-business-plan-montee-en-puissance-vers-le-haut-de-gamme-album-photos\/","title":{"rendered":"La STA r\u00e9v\u00e8le \u00e0 la bourse son business plan : mont\u00e9e en puissance vers le haut de gamme (Album photos)"},"content":{"rendered":"<div><img decoding=\"async\" src=\"https:\/\/linitiative.ca\/International\/wp-content\/uploads\/sites\/23\/2022\/02\/1645174641_article.jpg\" alt=\"La STA r\u00e9v\u00e8le \u00e0 la bourse son business plan : mont\u00e9e en puissance vers le haut de gamme\" align=\"left\">Sur la m\u00eame lanc\u00e9e des r\u00e9sultats d\u00e9j\u00e0 enregistr\u00e9s, la Soci\u00e9t\u00e9 tunisienne d\u2019Autombiles (STA), distributeur officiel des voitures Chery a pr\u00e9sent\u00e9 aux analystes financiers un business plan prometteurs pour les cinq prochaines ann\u00e9es. Au moment o\u00f9 elle s\u2019appr\u00eate \u00e0 ouvrir son capital et s\u2019introduire en bourse, elle a \u00e9tabli sur des hypoth\u00e8ses conservatrices, des indicateurs \u00e0 la hausse. \u00ab Le chiffre d\u2019affaires, a indiqu\u00e9 son directeur g\u00e9n\u00e9ral, Moneim Boussarsar, devra afficher un taux de croissance annuel de 10,4% durant la p\u00e9riode 2021-2025 pour s\u2019\u00e9tablir \u00e0 96,1MD \u00e0 l\u2019horizon de 2025, notant que le quota d\u2019importation de voitures suivra une \u00e9volution de &#8230;<\/p>\n<\/div>\n<p>Auteur:<br \/>\n<a href=\"https:\/\/www.leaders.com.tn\/article\/32979-la-sta-revele-a-la-bourse-son-business-plan-montee-en-puissance-vers-le-haut-de-gamme\">Cliquez ici pour lire l&rsquo;article depuis sa source.<\/a><\/p>\n","protected":false},"excerpt":{"rendered":"<p>Sur la m\u00eame lanc\u00e9e des r\u00e9sultats d\u00e9j\u00e0 enregistr\u00e9s, la Soci\u00e9t\u00e9 tunisienne d\u2019Autombiles (STA), distributeur officiel des voitures Chery a pr\u00e9sent\u00e9 aux analystes financiers un business plan prometteurs pour les cinq prochaines ann\u00e9es. Au moment o\u00f9 elle s\u2019appr\u00eate \u00e0 ouvrir son capital et s\u2019introduire en bourse, elle a \u00e9tabli sur des hypoth\u00e8ses conservatrices, des indicateurs \u00e0 [&hellip;]<\/p>\n","protected":false},"author":1772,"featured_media":0,"comment_status":"closed","ping_status":"closed","sticky":false,"template":"","format":"standard","meta":{"fifu_image_url":"http:\/\/www.leaders.com.tn\/uploads\/content\/thumbnails_small\/1645174641_article.jpg","fifu_image_alt":"La STA r\u00e9v\u00e8le \u00e0 la bourse son business plan : mont\u00e9e en puissance vers le haut de gamme (Album photos)","footnotes":""},"categories":[73,55],"tags":[],"class_list":["post-141187","post","type-post","status-publish","format-standard","hentry","category-actualite","category-tunisie"],"_links":{"self":[{"href":"https:\/\/linitiative.ca\/International\/wp-json\/wp\/v2\/posts\/141187","targetHints":{"allow":["GET"]}}],"collection":[{"href":"https:\/\/linitiative.ca\/International\/wp-json\/wp\/v2\/posts"}],"about":[{"href":"https:\/\/linitiative.ca\/International\/wp-json\/wp\/v2\/types\/post"}],"author":[{"embeddable":true,"href":"https:\/\/linitiative.ca\/International\/wp-json\/wp\/v2\/users\/1772"}],"replies":[{"embeddable":true,"href":"https:\/\/linitiative.ca\/International\/wp-json\/wp\/v2\/comments?post=141187"}],"version-history":[{"count":0,"href":"https:\/\/linitiative.ca\/International\/wp-json\/wp\/v2\/posts\/141187\/revisions"}],"wp:attachment":[{"href":"https:\/\/linitiative.ca\/International\/wp-json\/wp\/v2\/media?parent=141187"}],"wp:term":[{"taxonomy":"category","embeddable":true,"href":"https:\/\/linitiative.ca\/International\/wp-json\/wp\/v2\/categories?post=141187"},{"taxonomy":"post_tag","embeddable":true,"href":"https:\/\/linitiative.ca\/International\/wp-json\/wp\/v2\/tags?post=141187"}],"curies":[{"name":"wp","href":"https:\/\/api.w.org\/{rel}","templated":true}]}}