{"id":141191,"date":"2022-02-18T09:35:00","date_gmt":"2022-02-18T14:35:00","guid":{"rendered":"https:\/\/linitiative.ca\/International\/officiel-la-version-en-langue-francaise-du-decret-loi-n-2022-11-du-12-fevrier-2022-relatif-a-la-creation-du-conseil-superieur-provisoire-de-la-magistrature\/"},"modified":"2022-02-18T09:35:00","modified_gmt":"2022-02-18T14:35:00","slug":"officiel-la-version-en-langue-francaise-du-decret-loi-n-2022-11-du-12-fevrier-2022-relatif-a-la-creation-du-conseil-superieur-provisoire-de-la-magistrature","status":"publish","type":"post","link":"https:\/\/linitiative.ca\/International\/officiel-la-version-en-langue-francaise-du-decret-loi-n-2022-11-du-12-fevrier-2022-relatif-a-la-creation-du-conseil-superieur-provisoire-de-la-magistrature\/","title":{"rendered":"Officiel \u2013 La version en langue fran\u00e7aise du D\u00e9cret-loi n\u00b0 2022-11 du 12 f\u00e9vrier 2022, relatif \u00e0 la cr\u00e9ation du Conseil sup\u00e9rieur provisoire de la magistrature"},"content":{"rendered":"<div><img decoding=\"async\" src=\"https:\/\/linitiative.ca\/International\/wp-content\/uploads\/sites\/23\/2022\/02\/1645192721_article.jpg\" alt=\"Officiel \u2013 La version en langue fran\u00e7aise du D\u00e9cret-loi n\u00b0 2022-11 du 12 f\u00e9vrier 2022, relatif \u00e0 la cr\u00e9ation du Conseil sup\u00e9rieur provisoire de la magistrature\" align=\"left\">Le Pr\u00e9sident de la R\u00e9publique,<br \/>\nVu la Constitution,<br \/>\nVu le d\u00e9cret Pr\u00e9sidentiel n\u00b0 2021-117 du 22 septembre 2021, relatif aux mesures exceptionnelles,<br \/>\nApr\u00e8s d\u00e9lib\u00e9ration du Conseil des ministres.<br \/>\nPrend le d\u00e9cret-loi dont la teneur suit :<br \/>\nChapitre premier Cr\u00e9ation du Conseil sup\u00e9rieur provisoire de la magistrature<br \/>\nArticle premier &#8211; Il est cr\u00e9\u00e9 par le pr\u00e9sent d\u00e9cret-loi, un conseil dot\u00e9 de l&rsquo;autonomie fonctionnelle, administrative et financi\u00e8re pour superviser les affaires de la magistrature judiciaire, administrative et financi\u00e8re, en substitution du Conseil sup\u00e9rieur de la magistrature pr\u00e9vue par la loi organique n\u00b0 2016-34 du 28 avril 2016 relative au Conseil &#8230;<\/p>\n<\/div>\n<p>Auteur:<br \/>\n<a href=\"https:\/\/www.leaders.com.tn\/article\/32982-officiel-la-version-en-langue-francaise-du-decret-loi-n-2022-11-du-12-fevrier-2022-relatif-a-la-creation-du-conseil-superieur-provisoire-de-la-magistrature\">Cliquez ici pour lire l&rsquo;article depuis sa source.<\/a><\/p>\n","protected":false},"excerpt":{"rendered":"<p>Le Pr\u00e9sident de la R\u00e9publique, Vu la Constitution, Vu le d\u00e9cret Pr\u00e9sidentiel n\u00b0 2021-117 du 22 septembre 2021, relatif aux mesures exceptionnelles, Apr\u00e8s d\u00e9lib\u00e9ration du Conseil des ministres. Prend le d\u00e9cret-loi dont la teneur suit : Chapitre premier Cr\u00e9ation du Conseil sup\u00e9rieur provisoire de la magistrature Article premier &#8211; Il est cr\u00e9\u00e9 par le pr\u00e9sent [&hellip;]<\/p>\n","protected":false},"author":1772,"featured_media":0,"comment_status":"closed","ping_status":"closed","sticky":false,"template":"","format":"standard","meta":{"fifu_image_url":"http:\/\/www.leaders.com.tn\/uploads\/content\/thumbnails_small\/1645192721_article.jpg","fifu_image_alt":"Officiel \u2013 La version en langue fran\u00e7aise du D\u00e9cret-loi n\u00b0 2022-11 du 12 f\u00e9vrier 2022, relatif \u00e0 la cr\u00e9ation du Conseil sup\u00e9rieur provisoire de la magistrature","footnotes":""},"categories":[73,55],"tags":[],"class_list":["post-141191","post","type-post","status-publish","format-standard","hentry","category-actualite","category-tunisie"],"_links":{"self":[{"href":"https:\/\/linitiative.ca\/International\/wp-json\/wp\/v2\/posts\/141191","targetHints":{"allow":["GET"]}}],"collection":[{"href":"https:\/\/linitiative.ca\/International\/wp-json\/wp\/v2\/posts"}],"about":[{"href":"https:\/\/linitiative.ca\/International\/wp-json\/wp\/v2\/types\/post"}],"author":[{"embeddable":true,"href":"https:\/\/linitiative.ca\/International\/wp-json\/wp\/v2\/users\/1772"}],"replies":[{"embeddable":true,"href":"https:\/\/linitiative.ca\/International\/wp-json\/wp\/v2\/comments?post=141191"}],"version-history":[{"count":0,"href":"https:\/\/linitiative.ca\/International\/wp-json\/wp\/v2\/posts\/141191\/revisions"}],"wp:attachment":[{"href":"https:\/\/linitiative.ca\/International\/wp-json\/wp\/v2\/media?parent=141191"}],"wp:term":[{"taxonomy":"category","embeddable":true,"href":"https:\/\/linitiative.ca\/International\/wp-json\/wp\/v2\/categories?post=141191"},{"taxonomy":"post_tag","embeddable":true,"href":"https:\/\/linitiative.ca\/International\/wp-json\/wp\/v2\/tags?post=141191"}],"curies":[{"name":"wp","href":"https:\/\/api.w.org\/{rel}","templated":true}]}}