{"id":141197,"date":"2022-02-18T11:01:52","date_gmt":"2022-02-18T16:01:52","guid":{"rendered":"https:\/\/linitiative.ca\/International\/enseignement-superieur-le-gouvernement-envisage-de-reduire-la-duree-de-la-formation-en-medecine-de-7-a-6-ans\/"},"modified":"2022-02-18T11:01:52","modified_gmt":"2022-02-18T16:01:52","slug":"enseignement-superieur-le-gouvernement-envisage-de-reduire-la-duree-de-la-formation-en-medecine-de-7-a-6-ans","status":"publish","type":"post","link":"https:\/\/linitiative.ca\/International\/enseignement-superieur-le-gouvernement-envisage-de-reduire-la-duree-de-la-formation-en-medecine-de-7-a-6-ans\/","title":{"rendered":"Enseignement sup\u00e9rieur. Le gouvernement envisage de r\u00e9duire la dur\u00e9e de la formation en m\u00e9decine de 7 \u00e0 6 ans"},"content":{"rendered":"<div><img decoding=\"async\" width=\"519\" height=\"487\" src=\"https:\/\/linitiative.ca\/International\/wp-content\/uploads\/sites\/23\/2022\/02\/a.miraoui.png\" class=\"attachment-post-thumbnail size-post-thumbnail wp-post-image\" alt=\"\" loading=\"lazy\" srcset=\"https:\/\/linitiative.ca\/International\/wp-content\/uploads\/sites\/23\/2022\/02\/a.miraoui.png 519w, https:\/\/www.challenge.ma\/wp-content\/uploads\/2014\/10\/a.miraoui-300x281.png 300w, https:\/\/www.challenge.ma\/wp-content\/uploads\/2014\/10\/a.miraoui-58x55.png 58w, https:\/\/www.challenge.ma\/wp-content\/uploads\/2014\/10\/a.miraoui-310x290.png 310w, https:\/\/www.challenge.ma\/wp-content\/uploads\/2014\/10\/a.miraoui-112x105.png 112w\" sizes=\"auto, (max-width: 519px) 100vw, 519px\" itemprop=\"image\">La dur\u00e9e de la formation en m\u00e9decine est sur le point de passer de 7 ans actuellement \u00e0 6 ans d\u00e9sormais. Le minist\u00e8re de l\u2019Enseignement sup\u00e9rieur a r\u00e9cemment adress\u00e9 une note aux pr\u00e9sidents des universit\u00e9s indiquant que le gouvernement planche sur la possibilit\u00e9 de r\u00e9duire la dur\u00e9e de \u00a0la formation<\/div>\n<p>Auteur: challenge<br \/>\n<a href=\"https:\/\/www.challenge.ma\/enseignement-superieur-le-gouvernement-envisage-de-reduire-la-duree-de-la-formation-en-medecine-de-7-a-6-ans-232939\/\">Cliquez ici pour lire l&rsquo;article depuis sa source.<\/a><\/p>\n","protected":false},"excerpt":{"rendered":"<p>La dur\u00e9e de la formation en m\u00e9decine est sur le point de passer de 7 ans actuellement \u00e0 6 ans d\u00e9sormais. Le minist\u00e8re de l\u2019Enseignement sup\u00e9rieur a r\u00e9cemment adress\u00e9 une note aux pr\u00e9sidents des universit\u00e9s indiquant que le gouvernement planche sur la possibilit\u00e9 de r\u00e9duire la dur\u00e9e de \u00a0la formation Auteur: challenge Cliquez ici pour [&hellip;]<\/p>\n","protected":false},"author":1787,"featured_media":0,"comment_status":"closed","ping_status":"closed","sticky":false,"template":"","format":"standard","meta":{"fifu_image_url":"https:\/\/www.challenge.ma\/wp-content\/uploads\/2014\/10\/a.miraoui.png","fifu_image_alt":"Enseignement sup\u00e9rieur. Le gouvernement envisage de r\u00e9duire la dur\u00e9e de la formation en m\u00e9decine de 7 \u00e0 6 ans","footnotes":""},"categories":[78,54],"tags":[],"class_list":["post-141197","post","type-post","status-publish","format-standard","hentry","category-economie","category-maroc"],"_links":{"self":[{"href":"https:\/\/linitiative.ca\/International\/wp-json\/wp\/v2\/posts\/141197","targetHints":{"allow":["GET"]}}],"collection":[{"href":"https:\/\/linitiative.ca\/International\/wp-json\/wp\/v2\/posts"}],"about":[{"href":"https:\/\/linitiative.ca\/International\/wp-json\/wp\/v2\/types\/post"}],"author":[{"embeddable":true,"href":"https:\/\/linitiative.ca\/International\/wp-json\/wp\/v2\/users\/1787"}],"replies":[{"embeddable":true,"href":"https:\/\/linitiative.ca\/International\/wp-json\/wp\/v2\/comments?post=141197"}],"version-history":[{"count":0,"href":"https:\/\/linitiative.ca\/International\/wp-json\/wp\/v2\/posts\/141197\/revisions"}],"wp:attachment":[{"href":"https:\/\/linitiative.ca\/International\/wp-json\/wp\/v2\/media?parent=141197"}],"wp:term":[{"taxonomy":"category","embeddable":true,"href":"https:\/\/linitiative.ca\/International\/wp-json\/wp\/v2\/categories?post=141197"},{"taxonomy":"post_tag","embeddable":true,"href":"https:\/\/linitiative.ca\/International\/wp-json\/wp\/v2\/tags?post=141197"}],"curies":[{"name":"wp","href":"https:\/\/api.w.org\/{rel}","templated":true}]}}