{"id":141199,"date":"2022-02-18T12:32:58","date_gmt":"2022-02-18T17:32:58","guid":{"rendered":"https:\/\/linitiative.ca\/International\/protection-sociale-akhannouch-preside-les-travaux-du-comite-de-pilotage\/"},"modified":"2022-02-18T12:32:58","modified_gmt":"2022-02-18T17:32:58","slug":"protection-sociale-akhannouch-preside-les-travaux-du-comite-de-pilotage","status":"publish","type":"post","link":"https:\/\/linitiative.ca\/International\/protection-sociale-akhannouch-preside-les-travaux-du-comite-de-pilotage\/","title":{"rendered":"Protection sociale. Akhannouch pr\u00e9side les travaux du comit\u00e9 de pilotage"},"content":{"rendered":"<div><img decoding=\"async\" width=\"1600\" height=\"1066\" src=\"https:\/\/linitiative.ca\/International\/wp-content\/uploads\/sites\/23\/2022\/02\/WhatsApp-Image-2022-02-18-at-16.38.10-1.jpeg\" class=\"attachment-post-thumbnail size-post-thumbnail wp-post-image\" alt=\"\" loading=\"lazy\" srcset=\"https:\/\/linitiative.ca\/International\/wp-content\/uploads\/sites\/23\/2022\/02\/WhatsApp-Image-2022-02-18-at-16.38.10-1.jpeg 1600w, https:\/\/www.challenge.ma\/wp-content\/uploads\/2022\/02\/WhatsApp-Image-2022-02-18-at-16.38.10-1-300x200.jpeg 300w, https:\/\/www.challenge.ma\/wp-content\/uploads\/2022\/02\/WhatsApp-Image-2022-02-18-at-16.38.10-1-1024x682.jpeg 1024w, https:\/\/www.challenge.ma\/wp-content\/uploads\/2022\/02\/WhatsApp-Image-2022-02-18-at-16.38.10-1-768x512.jpeg 768w, https:\/\/www.challenge.ma\/wp-content\/uploads\/2022\/02\/WhatsApp-Image-2022-02-18-at-16.38.10-1-1536x1023.jpeg 1536w, https:\/\/www.challenge.ma\/wp-content\/uploads\/2022\/02\/WhatsApp-Image-2022-02-18-at-16.38.10-1-360x240.jpeg 360w, https:\/\/www.challenge.ma\/wp-content\/uploads\/2022\/02\/WhatsApp-Image-2022-02-18-at-16.38.10-1-750x500.jpeg 750w\" sizes=\"auto, (max-width: 1600px) 100vw, 1600px\" itemprop=\"image\">Ce vendredi 18 f\u00e9vrier 2022 \u00e0 Rabat, s\u2019est tenue une r\u00e9union de travaux du comit\u00e9 de pilotage en charge de la mise en \u0153uvre du chantier de la protection sociale. La s\u00e9ance \u00e9tait pr\u00e9sid\u00e9e par le Chef du gouvernement, Monsieur Aziz Akhannouch qui a tenu a rappel\u00e9 que SM Le<\/div>\n<p>Auteur: Alia Diop<br \/>\n<a href=\"https:\/\/www.challenge.ma\/protection-sociale-akhennouch-preside-les-travaux-du-comite-de-pilotage-232944\/\">Cliquez ici pour lire l&rsquo;article depuis sa source.<\/a><\/p>\n","protected":false},"excerpt":{"rendered":"<p>Ce vendredi 18 f\u00e9vrier 2022 \u00e0 Rabat, s\u2019est tenue une r\u00e9union de travaux du comit\u00e9 de pilotage en charge de la mise en \u0153uvre du chantier de la protection sociale. La s\u00e9ance \u00e9tait pr\u00e9sid\u00e9e par le Chef du gouvernement, Monsieur Aziz Akhannouch qui a tenu a rappel\u00e9 que SM Le Auteur: Alia Diop Cliquez ici [&hellip;]<\/p>\n","protected":false},"author":1787,"featured_media":0,"comment_status":"closed","ping_status":"closed","sticky":false,"template":"","format":"standard","meta":{"fifu_image_url":"https:\/\/www.challenge.ma\/wp-content\/uploads\/2022\/02\/WhatsApp-Image-2022-02-18-at-16.38.10-1.jpeg","fifu_image_alt":"Protection sociale. Akhannouch pr\u00e9side les travaux du comit\u00e9 de pilotage","footnotes":""},"categories":[78,54],"tags":[],"class_list":["post-141199","post","type-post","status-publish","format-standard","hentry","category-economie","category-maroc"],"_links":{"self":[{"href":"https:\/\/linitiative.ca\/International\/wp-json\/wp\/v2\/posts\/141199","targetHints":{"allow":["GET"]}}],"collection":[{"href":"https:\/\/linitiative.ca\/International\/wp-json\/wp\/v2\/posts"}],"about":[{"href":"https:\/\/linitiative.ca\/International\/wp-json\/wp\/v2\/types\/post"}],"author":[{"embeddable":true,"href":"https:\/\/linitiative.ca\/International\/wp-json\/wp\/v2\/users\/1787"}],"replies":[{"embeddable":true,"href":"https:\/\/linitiative.ca\/International\/wp-json\/wp\/v2\/comments?post=141199"}],"version-history":[{"count":0,"href":"https:\/\/linitiative.ca\/International\/wp-json\/wp\/v2\/posts\/141199\/revisions"}],"wp:attachment":[{"href":"https:\/\/linitiative.ca\/International\/wp-json\/wp\/v2\/media?parent=141199"}],"wp:term":[{"taxonomy":"category","embeddable":true,"href":"https:\/\/linitiative.ca\/International\/wp-json\/wp\/v2\/categories?post=141199"},{"taxonomy":"post_tag","embeddable":true,"href":"https:\/\/linitiative.ca\/International\/wp-json\/wp\/v2\/tags?post=141199"}],"curies":[{"name":"wp","href":"https:\/\/api.w.org\/{rel}","templated":true}]}}