{"id":141201,"date":"2022-02-18T13:20:52","date_gmt":"2022-02-18T18:20:52","guid":{"rendered":"https:\/\/linitiative.ca\/International\/lhistoire-entre-chery-et-lafrique-se-poursuit-apres-la-can-2021\/"},"modified":"2022-02-18T13:20:52","modified_gmt":"2022-02-18T18:20:52","slug":"lhistoire-entre-chery-et-lafrique-se-poursuit-apres-la-can-2021","status":"publish","type":"post","link":"https:\/\/linitiative.ca\/International\/lhistoire-entre-chery-et-lafrique-se-poursuit-apres-la-can-2021\/","title":{"rendered":"L\u2019histoire entre Chery et l\u2019Afrique se poursuit apr\u00e8s la CAN 2021"},"content":{"rendered":"<div><img decoding=\"async\" width=\"1280\" height=\"730\" src=\"https:\/\/linitiative.ca\/International\/wp-content\/uploads\/sites\/23\/2022\/02\/CAN-Chery-ouverture.jpg\" class=\"attachment-post-thumbnail size-post-thumbnail wp-post-image\" alt=\"\" loading=\"lazy\" srcset=\"https:\/\/linitiative.ca\/International\/wp-content\/uploads\/sites\/23\/2022\/02\/CAN-Chery-ouverture.jpg 1280w, https:\/\/www.challenge.ma\/wp-content\/uploads\/2022\/02\/CAN-Chery-ouverture-300x171.jpg 300w, https:\/\/www.challenge.ma\/wp-content\/uploads\/2022\/02\/CAN-Chery-ouverture-1024x584.jpg 1024w, https:\/\/www.challenge.ma\/wp-content\/uploads\/2022\/02\/CAN-Chery-ouverture-768x438.jpg 768w, https:\/\/www.challenge.ma\/wp-content\/uploads\/2022\/02\/CAN-Chery-ouverture-360x205.jpg 360w, https:\/\/www.challenge.ma\/wp-content\/uploads\/2022\/02\/CAN-Chery-ouverture-750x428.jpg 750w\" sizes=\"auto, (max-width: 1280px) 100vw, 1280px\" itemprop=\"image\">La Coupe d\u2019Afrique des Nations s\u2019est achev\u00e9e avec succ\u00e8s le dimanche 6 f\u00e9vrier 2022 au Cameroun. Lors de la finale, le S\u00e9n\u00e9gal et l\u2019\u00c9gypte ont fait match nul 0-0 durant le temps r\u00e9glementaire. Un score qui est demeur\u00e9 le m\u00eame \u00e0 la fin des prolongations. C\u2019est lors de la s\u00e9ance<\/div>\n<p>Auteur: challenge<br \/>\n<a href=\"https:\/\/www.challenge.ma\/lhistoire-entre-chery-et-lafrique-se-poursuit-apres-la-can-2021-232950\/\">Cliquez ici pour lire l&rsquo;article depuis sa source.<\/a><\/p>\n","protected":false},"excerpt":{"rendered":"<p>La Coupe d\u2019Afrique des Nations s\u2019est achev\u00e9e avec succ\u00e8s le dimanche 6 f\u00e9vrier 2022 au Cameroun. Lors de la finale, le S\u00e9n\u00e9gal et l\u2019\u00c9gypte ont fait match nul 0-0 durant le temps r\u00e9glementaire. Un score qui est demeur\u00e9 le m\u00eame \u00e0 la fin des prolongations. C\u2019est lors de la s\u00e9ance Auteur: challenge Cliquez ici pour [&hellip;]<\/p>\n","protected":false},"author":1787,"featured_media":0,"comment_status":"closed","ping_status":"closed","sticky":false,"template":"","format":"standard","meta":{"fifu_image_url":"https:\/\/www.challenge.ma\/wp-content\/uploads\/2022\/02\/CAN-Chery-ouverture.jpg","fifu_image_alt":"L\u2019histoire entre Chery et l\u2019Afrique se poursuit apr\u00e8s la CAN 2021","footnotes":""},"categories":[78,54],"tags":[],"class_list":["post-141201","post","type-post","status-publish","format-standard","hentry","category-economie","category-maroc"],"_links":{"self":[{"href":"https:\/\/linitiative.ca\/International\/wp-json\/wp\/v2\/posts\/141201","targetHints":{"allow":["GET"]}}],"collection":[{"href":"https:\/\/linitiative.ca\/International\/wp-json\/wp\/v2\/posts"}],"about":[{"href":"https:\/\/linitiative.ca\/International\/wp-json\/wp\/v2\/types\/post"}],"author":[{"embeddable":true,"href":"https:\/\/linitiative.ca\/International\/wp-json\/wp\/v2\/users\/1787"}],"replies":[{"embeddable":true,"href":"https:\/\/linitiative.ca\/International\/wp-json\/wp\/v2\/comments?post=141201"}],"version-history":[{"count":0,"href":"https:\/\/linitiative.ca\/International\/wp-json\/wp\/v2\/posts\/141201\/revisions"}],"wp:attachment":[{"href":"https:\/\/linitiative.ca\/International\/wp-json\/wp\/v2\/media?parent=141201"}],"wp:term":[{"taxonomy":"category","embeddable":true,"href":"https:\/\/linitiative.ca\/International\/wp-json\/wp\/v2\/categories?post=141201"},{"taxonomy":"post_tag","embeddable":true,"href":"https:\/\/linitiative.ca\/International\/wp-json\/wp\/v2\/tags?post=141201"}],"curies":[{"name":"wp","href":"https:\/\/api.w.org\/{rel}","templated":true}]}}