{"id":141204,"date":"2022-02-18T15:05:43","date_gmt":"2022-02-18T20:05:43","guid":{"rendered":"https:\/\/linitiative.ca\/International\/ou-regarder-kechrida-avec-salernitana-contre-lac-milan-ce-samedi\/"},"modified":"2022-02-18T15:05:43","modified_gmt":"2022-02-18T20:05:43","slug":"ou-regarder-kechrida-avec-salernitana-contre-lac-milan-ce-samedi","status":"publish","type":"post","link":"https:\/\/linitiative.ca\/International\/ou-regarder-kechrida-avec-salernitana-contre-lac-milan-ce-samedi\/","title":{"rendered":"O\u00f9 regarder Kechrida avec Salernitana contre l\u2019AC Milan ce samedi ?"},"content":{"rendered":"<div>\n<p>En Italie, l\u2019international tunisien Wajdi Kechrida avec Salernitana recevront le Milan AC pour une autre chance de sortir de la zone rouge du tableau de Serie A. En Allemagne, le milieu international tunisien Ellyes Skhiri et K\u00f4ln joueront \u00e0 domicile contre l\u2019E\u00efntracht Frankfurt. Voici le programme TV d\u00e9taill\u00e9 des matches de samedi dans le Big [\u2026]<\/p>\n<p>L\u2019article <a href=\"https:\/\/sport.tunisienumerique.com\/ou-regarder-kechrida-avec-salernitana-contre-lac-milan-ce-samedi\/\">O\u00f9 regarder Kechrida avec Salernitana contre l\u2019AC Milan ce samedi ?<\/a> est apparu en premier sur <a href=\"https:\/\/www.tunisienumerique.com\/\">Tunisie<\/a>.<\/p>\n<\/div>\n<p>Auteur: Hamza Ben Khlifa<br \/>\n<a href=\"https:\/\/sport.tunisienumerique.com\/ou-regarder-kechrida-avec-salernitana-contre-lac-milan-ce-samedi\/\">Cliquez ici pour lire l&rsquo;article depuis sa source.<\/a><\/p>\n","protected":false},"excerpt":{"rendered":"<p>En Italie, l\u2019international tunisien Wajdi Kechrida avec Salernitana recevront le Milan AC pour une autre chance de sortir de la zone rouge du tableau de Serie A. En Allemagne, le milieu international tunisien Ellyes Skhiri et K\u00f4ln joueront \u00e0 domicile contre l\u2019E\u00efntracht Frankfurt. Voici le programme TV d\u00e9taill\u00e9 des matches de samedi dans le Big [&hellip;]<\/p>\n","protected":false},"author":1789,"featured_media":0,"comment_status":"closed","ping_status":"closed","sticky":false,"template":"","format":"standard","meta":{"fifu_image_url":"","fifu_image_alt":"","footnotes":""},"categories":[73,55],"tags":[],"class_list":["post-141204","post","type-post","status-publish","format-standard","hentry","category-actualite","category-tunisie"],"_links":{"self":[{"href":"https:\/\/linitiative.ca\/International\/wp-json\/wp\/v2\/posts\/141204","targetHints":{"allow":["GET"]}}],"collection":[{"href":"https:\/\/linitiative.ca\/International\/wp-json\/wp\/v2\/posts"}],"about":[{"href":"https:\/\/linitiative.ca\/International\/wp-json\/wp\/v2\/types\/post"}],"author":[{"embeddable":true,"href":"https:\/\/linitiative.ca\/International\/wp-json\/wp\/v2\/users\/1789"}],"replies":[{"embeddable":true,"href":"https:\/\/linitiative.ca\/International\/wp-json\/wp\/v2\/comments?post=141204"}],"version-history":[{"count":0,"href":"https:\/\/linitiative.ca\/International\/wp-json\/wp\/v2\/posts\/141204\/revisions"}],"wp:attachment":[{"href":"https:\/\/linitiative.ca\/International\/wp-json\/wp\/v2\/media?parent=141204"}],"wp:term":[{"taxonomy":"category","embeddable":true,"href":"https:\/\/linitiative.ca\/International\/wp-json\/wp\/v2\/categories?post=141204"},{"taxonomy":"post_tag","embeddable":true,"href":"https:\/\/linitiative.ca\/International\/wp-json\/wp\/v2\/tags?post=141204"}],"curies":[{"name":"wp","href":"https:\/\/api.w.org\/{rel}","templated":true}]}}