{"id":141205,"date":"2022-02-18T15:06:57","date_gmt":"2022-02-18T20:06:57","guid":{"rendered":"https:\/\/linitiative.ca\/International\/mafia-islamica-2-2\/"},"modified":"2022-02-18T15:06:57","modified_gmt":"2022-02-18T20:06:57","slug":"mafia-islamica-2-2","status":"publish","type":"post","link":"https:\/\/linitiative.ca\/International\/mafia-islamica-2-2\/","title":{"rendered":"Mafia islamica (2\/2)"},"content":{"rendered":"<div>\n<p>Autre caract\u00e8re saillant des organisations mafieuses est le recours \u00e0 des mythes fondateurs relativement compliqu\u00e9s. Assimilable \u00e0 la mythologie fondatrice des mafias classiques, l\u2019id\u00e9ologie sert aux mouvances islamistes d\u2019agent de mobilisation de ses adeptes et aide surtout \u00e0 cimenter les rangs des combattants de Dieu pour faire r\u00e9gner sa parole sur terre \u00e0 savoir la [\u2026]<\/p>\n<p>L\u2019article <a href=\"https:\/\/www.tunisienumerique.com\/mafia-islamica-2-2\/\">Mafia islamica (2\/2)<\/a> est apparu en premier sur <a href=\"https:\/\/www.tunisienumerique.com\/\">Tunisie<\/a>.<\/p>\n<\/div>\n<p>Auteur: Mohamed Ben Abderrazek<br \/>\n<a href=\"https:\/\/www.tunisienumerique.com\/mafia-islamica-2-2\/\">Cliquez ici pour lire l&rsquo;article depuis sa source.<\/a><\/p>\n","protected":false},"excerpt":{"rendered":"<p>Autre caract\u00e8re saillant des organisations mafieuses est le recours \u00e0 des mythes fondateurs relativement compliqu\u00e9s. Assimilable \u00e0 la mythologie fondatrice des mafias classiques, l\u2019id\u00e9ologie sert aux mouvances islamistes d\u2019agent de mobilisation de ses adeptes et aide surtout \u00e0 cimenter les rangs des combattants de Dieu pour faire r\u00e9gner sa parole sur terre \u00e0 savoir la [&hellip;]<\/p>\n","protected":false},"author":1789,"featured_media":0,"comment_status":"closed","ping_status":"closed","sticky":false,"template":"","format":"standard","meta":{"fifu_image_url":"","fifu_image_alt":"","footnotes":""},"categories":[73,55],"tags":[],"class_list":["post-141205","post","type-post","status-publish","format-standard","hentry","category-actualite","category-tunisie"],"_links":{"self":[{"href":"https:\/\/linitiative.ca\/International\/wp-json\/wp\/v2\/posts\/141205","targetHints":{"allow":["GET"]}}],"collection":[{"href":"https:\/\/linitiative.ca\/International\/wp-json\/wp\/v2\/posts"}],"about":[{"href":"https:\/\/linitiative.ca\/International\/wp-json\/wp\/v2\/types\/post"}],"author":[{"embeddable":true,"href":"https:\/\/linitiative.ca\/International\/wp-json\/wp\/v2\/users\/1789"}],"replies":[{"embeddable":true,"href":"https:\/\/linitiative.ca\/International\/wp-json\/wp\/v2\/comments?post=141205"}],"version-history":[{"count":0,"href":"https:\/\/linitiative.ca\/International\/wp-json\/wp\/v2\/posts\/141205\/revisions"}],"wp:attachment":[{"href":"https:\/\/linitiative.ca\/International\/wp-json\/wp\/v2\/media?parent=141205"}],"wp:term":[{"taxonomy":"category","embeddable":true,"href":"https:\/\/linitiative.ca\/International\/wp-json\/wp\/v2\/categories?post=141205"},{"taxonomy":"post_tag","embeddable":true,"href":"https:\/\/linitiative.ca\/International\/wp-json\/wp\/v2\/tags?post=141205"}],"curies":[{"name":"wp","href":"https:\/\/api.w.org\/{rel}","templated":true}]}}