{"id":141206,"date":"2022-02-18T15:14:32","date_gmt":"2022-02-18T20:14:32","guid":{"rendered":"https:\/\/linitiative.ca\/International\/tunisie-le-superviseur-correspondant-tunisien-dal-jazeera-mubasher-farhat-abbar-nest-plus\/"},"modified":"2022-02-18T15:14:32","modified_gmt":"2022-02-18T20:14:32","slug":"tunisie-le-superviseur-correspondant-tunisien-dal-jazeera-mubasher-farhat-abbar-nest-plus","status":"publish","type":"post","link":"https:\/\/linitiative.ca\/International\/tunisie-le-superviseur-correspondant-tunisien-dal-jazeera-mubasher-farhat-abbar-nest-plus\/","title":{"rendered":"Tunisie: Le Superviseur- Correspondant tunisien d\u2019Al Jazeera Mubasher, Farhat Abbar n\u2019est plus!"},"content":{"rendered":"<div>\n<p>Le Superviseur-Correspondant d\u2019Al-Jazeera Mubasher, par ailleurs dirigeant du mouvement Ennahdha, Farhat Abbar est d\u00e9c\u00e9d\u00e9 aujourd\u2019hui 18 f\u00e9vrier 2022, apr\u00e8s une longue lutte contre la maladie. Le d\u00e9funt est originaire du gouvernorat de Tataouine. Dans un communiqu\u00e9 rendu public sur sa page le parti Ennahdha a pr\u00e9sent\u00e9 ses condol\u00e9ances \u00e0 la famille du d\u00e9funt. Que Dieu [\u2026]<\/p>\n<p>L\u2019article <a href=\"https:\/\/www.tunisienumerique.com\/tunisie-le-superviseur-correspondant-tunisien-dal-jazeera-mubasher-farhat-abbar-nest-plus\/\">Tunisie: Le Superviseur- Correspondant tunisien d\u2019Al Jazeera Mubasher, Farhat Abbar n\u2019est plus!<\/a> est apparu en premier sur <a href=\"https:\/\/www.tunisienumerique.com\/\">Tunisie<\/a>.<\/p>\n<\/div>\n<p>Auteur: rania ben slimane<br \/>\n<a href=\"https:\/\/www.tunisienumerique.com\/tunisie-le-superviseur-correspondant-tunisien-dal-jazeera-mubasher-farhat-abbar-nest-plus\/\">Cliquez ici pour lire l&rsquo;article depuis sa source.<\/a><\/p>\n","protected":false},"excerpt":{"rendered":"<p>Le Superviseur-Correspondant d\u2019Al-Jazeera Mubasher, par ailleurs dirigeant du mouvement Ennahdha, Farhat Abbar est d\u00e9c\u00e9d\u00e9 aujourd\u2019hui 18 f\u00e9vrier 2022, apr\u00e8s une longue lutte contre la maladie. Le d\u00e9funt est originaire du gouvernorat de Tataouine. Dans un communiqu\u00e9 rendu public sur sa page le parti Ennahdha a pr\u00e9sent\u00e9 ses condol\u00e9ances \u00e0 la famille du d\u00e9funt. Que Dieu [&hellip;]<\/p>\n","protected":false},"author":1789,"featured_media":0,"comment_status":"closed","ping_status":"closed","sticky":false,"template":"","format":"standard","meta":{"fifu_image_url":"","fifu_image_alt":"","footnotes":""},"categories":[73,55],"tags":[],"class_list":["post-141206","post","type-post","status-publish","format-standard","hentry","category-actualite","category-tunisie"],"_links":{"self":[{"href":"https:\/\/linitiative.ca\/International\/wp-json\/wp\/v2\/posts\/141206","targetHints":{"allow":["GET"]}}],"collection":[{"href":"https:\/\/linitiative.ca\/International\/wp-json\/wp\/v2\/posts"}],"about":[{"href":"https:\/\/linitiative.ca\/International\/wp-json\/wp\/v2\/types\/post"}],"author":[{"embeddable":true,"href":"https:\/\/linitiative.ca\/International\/wp-json\/wp\/v2\/users\/1789"}],"replies":[{"embeddable":true,"href":"https:\/\/linitiative.ca\/International\/wp-json\/wp\/v2\/comments?post=141206"}],"version-history":[{"count":0,"href":"https:\/\/linitiative.ca\/International\/wp-json\/wp\/v2\/posts\/141206\/revisions"}],"wp:attachment":[{"href":"https:\/\/linitiative.ca\/International\/wp-json\/wp\/v2\/media?parent=141206"}],"wp:term":[{"taxonomy":"category","embeddable":true,"href":"https:\/\/linitiative.ca\/International\/wp-json\/wp\/v2\/categories?post=141206"},{"taxonomy":"post_tag","embeddable":true,"href":"https:\/\/linitiative.ca\/International\/wp-json\/wp\/v2\/tags?post=141206"}],"curies":[{"name":"wp","href":"https:\/\/api.w.org\/{rel}","templated":true}]}}