{"id":141208,"date":"2022-02-17T18:53:38","date_gmt":"2022-02-17T23:53:38","guid":{"rendered":"https:\/\/linitiative.ca\/International\/academie-nationale-des-arts-et-des-lettres-le-plan-strategique-2022-2026-adopte\/"},"modified":"2022-02-17T18:53:38","modified_gmt":"2022-02-17T23:53:38","slug":"academie-nationale-des-arts-et-des-lettres-le-plan-strategique-2022-2026-adopte","status":"publish","type":"post","link":"https:\/\/linitiative.ca\/International\/academie-nationale-des-arts-et-des-lettres-le-plan-strategique-2022-2026-adopte\/","title":{"rendered":"Acad\u00e9mie nationale des arts et des lettres : Le  plan strat\u00e9gique 2022-2026 adopt\u00e9"},"content":{"rendered":"<div>\n<p><strong>L\u2019Acad\u00e9mie nationale des sciences, des arts et des lettres du Burkina Faso (ANSAL-BF) a tenu son assembl\u00e9e g\u00e9n\u00e9rale, le jeudi 17 f\u00e9vrier 2022, \u00e0 Ouagadougou.<\/strong><\/p>\n<p>Les membres de l\u2019Acad\u00e9mie nationale des sciences, des arts et des lettres du Burkina Faso (ANSAL-BF) se sont r\u00e9unis en assembl\u00e9e g\u00e9n\u00e9rale, le jeudi 17 f\u00e9vrier 2022, \u00e0 Ouagadougou.<\/p>\n<p>A l\u2019occasion, il\u00a0a \u00e9t\u00e9 question d\u2019examiner et adopter le premier plan strat\u00e9gique 2022-2026 et l\u2019\u00e9lection de nouveaux membres \u00e0 l\u2019acad\u00e9mie. De l\u2019avis du pr\u00e9sident de l\u2019Acad\u00e9mie nationale des sciences, des arts et des lettres du Burkina Faso (ANSAL-BF), Dr Paco S\u00e9r\u00e9m\u00e9, cette acad\u00e9mie, \u00e0 l\u2019instar de toutes les autres, est une assembl\u00e9e de scientifiques reconnus par leurs pairs qui ont d\u00e9cid\u00e9 de mettre leurs comp\u00e9tences au service de l\u2019Etat.<\/p>\n<p>S\u2019agissant du plan strat\u00e9gique, \u00e0 l\u2019entendre, il est un instrument de pilotage pour une mise en \u0153uvre efficiente des activit\u00e9s de l\u2019acad\u00e9mie. Il a ajout\u00e9 que son importance pour l\u2019institution ne fait l\u2019objet d\u2019aucun doute. Car, il est une sorte de boussole qui permet de guider et d\u2019orienter les actions de l\u2019institution. En plus, pour M. S\u00e9r\u00e9m\u00e9, ce plan strat\u00e9gique pr\u00e9voit de renforcer l\u2019aspect institutionnel de l\u2019acad\u00e9mie. Pour ce faire, l\u2019accent a \u00e9t\u00e9 mis sur le d\u00e9veloppement institutionnel de l\u2019acad\u00e9mie.<\/p>\n<p>Car, selon lui, il a \u00e9t\u00e9 constat\u00e9 que depuis sa cr\u00e9ation, la structure n\u2019est pas bien reconnue \u00e0 sa juste valeur par les diff\u00e9rentes parties prenantes qui peuvent b\u00e9n\u00e9ficier de ses conseils. Pour pallier cette situation, le pr\u00e9sident de l\u2019ANSAL-BF a confi\u00e9 qu\u2019il est imp\u00e9ratif de travailler pour le d\u00e9veloppement des capacit\u00e9s institutionnelles de l\u2019acad\u00e9mie. Ainsi, les diff\u00e9rentes lacunes pr\u00e9sentes vont \u00eatre combl\u00e9es.<\/p>\n<p>A la question de savoir comment cela va se faire, il a r\u00e9pondu qu\u2019il faudrait que l\u2019acad\u00e9mie puisse \u00eatre sollicit\u00e9e pour ses comp\u00e9tences. \u00ab\u00a0Ainsi, il est obligatoire que l\u2019acad\u00e9mie renforce ses capacit\u00e9s et cela passe par un certain nombre de dispositions et de partenariats \u00e9tablis avec les institutions nationales et internationales\u00a0\u00bb, a-t-il d\u00e9clar\u00e9.<\/p>\n<p>En outre, il a laiss\u00e9 entendre qu\u2019il est pr\u00e9vu dans ce plan strat\u00e9gique, de faire jouer l\u2019acad\u00e9mie le r\u00f4le pour lequel elle a \u00e9t\u00e9 cr\u00e9\u00e9e. L\u2019ANSAL-BF a \u00e9t\u00e9 cr\u00e9\u00e9e en 2013. Elle est un regroupement de scientifiques issus de plusieurs domaines. Elle a pour objectif de contribuer \u00e0 promouvoir le d\u00e9veloppement socio-\u00e9conomique du Burkina Faso. Elle veut apporter son expertise \u00e0 l\u2019Etat burkinab\u00e8 et aux institutions publiques et priv\u00e9es dans la conception et la mise en \u0153uvre de la politique nationale de la recherche scientifique et de l\u2019innovation.<\/p>\n<h3 style=\"text-align: right\">Evariste YODA<\/h3>\n<p>L\u2019article <a rel=\"nofollow\" href=\"https:\/\/www.sidwaya.info\/blog\/2022\/02\/17\/academie-nationale-des-arts-et-des-lettres-le-plan-strategique-2022-2026-adopte\/\">Acad\u00e9mie nationale des arts et des lettres : Le  plan strat\u00e9gique 2022-2026 adopt\u00e9<\/a> est apparu en premier sur <a rel=\"nofollow\" href=\"https:\/\/www.sidwaya.info\/\">Quotidien Sidwaya<\/a>.<\/p>\n<\/div>\n<p>Auteur: JK. Sidwaya<br \/>\n<a href=\"https:\/\/www.sidwaya.info\/blog\/2022\/02\/17\/academie-nationale-des-arts-et-des-lettres-le-plan-strategique-2022-2026-adopte\/?utm_source=rss&#038;utm_medium=rss&#038;utm_campaign=academie-nationale-des-arts-et-des-lettres-le-plan-strategique-2022-2026-adopte\">Cliquez ici pour lire l&rsquo;article depuis sa source.<\/a><\/p>\n","protected":false},"excerpt":{"rendered":"<p>L\u2019Acad\u00e9mie nationale des sciences, des arts et des lettres du Burkina Faso (ANSAL-BF) a tenu son assembl\u00e9e g\u00e9n\u00e9rale, le jeudi 17 f\u00e9vrier 2022, \u00e0 Ouagadougou. Les membres de l\u2019Acad\u00e9mie nationale des sciences, des arts et des lettres du Burkina Faso (ANSAL-BF) se sont r\u00e9unis en assembl\u00e9e g\u00e9n\u00e9rale, le jeudi 17 f\u00e9vrier 2022, \u00e0 Ouagadougou. A [&hellip;]<\/p>\n","protected":false},"author":1816,"featured_media":0,"comment_status":"closed","ping_status":"closed","sticky":false,"template":"","format":"standard","meta":{"fifu_image_url":"","fifu_image_alt":"","footnotes":""},"categories":[73,81],"tags":[],"class_list":["post-141208","post","type-post","status-publish","format-standard","hentry","category-actualite","category-burkina-faso"],"_links":{"self":[{"href":"https:\/\/linitiative.ca\/International\/wp-json\/wp\/v2\/posts\/141208","targetHints":{"allow":["GET"]}}],"collection":[{"href":"https:\/\/linitiative.ca\/International\/wp-json\/wp\/v2\/posts"}],"about":[{"href":"https:\/\/linitiative.ca\/International\/wp-json\/wp\/v2\/types\/post"}],"author":[{"embeddable":true,"href":"https:\/\/linitiative.ca\/International\/wp-json\/wp\/v2\/users\/1816"}],"replies":[{"embeddable":true,"href":"https:\/\/linitiative.ca\/International\/wp-json\/wp\/v2\/comments?post=141208"}],"version-history":[{"count":0,"href":"https:\/\/linitiative.ca\/International\/wp-json\/wp\/v2\/posts\/141208\/revisions"}],"wp:attachment":[{"href":"https:\/\/linitiative.ca\/International\/wp-json\/wp\/v2\/media?parent=141208"}],"wp:term":[{"taxonomy":"category","embeddable":true,"href":"https:\/\/linitiative.ca\/International\/wp-json\/wp\/v2\/categories?post=141208"},{"taxonomy":"post_tag","embeddable":true,"href":"https:\/\/linitiative.ca\/International\/wp-json\/wp\/v2\/tags?post=141208"}],"curies":[{"name":"wp","href":"https:\/\/api.w.org\/{rel}","templated":true}]}}