{"id":141211,"date":"2022-02-18T11:50:55","date_gmt":"2022-02-18T16:50:55","guid":{"rendered":"https:\/\/linitiative.ca\/International\/au-mali-la-junte-au-pouvoir-demande-a-la-france-de-retirer-ses-soldats-sans-delai\/"},"modified":"2022-02-18T11:50:55","modified_gmt":"2022-02-18T16:50:55","slug":"au-mali-la-junte-au-pouvoir-demande-a-la-france-de-retirer-ses-soldats-sans-delai","status":"publish","type":"post","link":"https:\/\/linitiative.ca\/International\/au-mali-la-junte-au-pouvoir-demande-a-la-france-de-retirer-ses-soldats-sans-delai\/","title":{"rendered":"Au Mali, la junte au pouvoir demande \u00e0 la France de retirer ses soldats \u00ab sans d\u00e9lai \u00bb"},"content":{"rendered":"<div>\n<p>Apr\u00e8s la d\u00e9cision de la France et de ses partenaires europ\u00e9ens ainsi que le Canada de retirer progressivement leurs troupes du Mali, la junte au pouvoir \u00e0 Bamako a qualifi\u00e9 cette d\u00e9cision de <em>\u00ab violation flagrante \u00bb<\/em> des accords entre les deux pays, et\u00a0 demande \u00e0 la France de \u00ab retirer sans d\u00e9lai \u00bb ses soldats du Mali. \u00a0Dans un communiqu\u00e9 lu le vendredi 18 f\u00e9vrier \u00e0 la t\u00e9l\u00e9vision nationale et repris par l\u2019AFP, le porte-parole du gouvernement install\u00e9 par les militaires, le colonel Abdoulaye Ma\u00efga, a \u00e9galement qualifi\u00e9 insuffisants les r\u00e9sultats des neuf ans d\u2019engagement fran\u00e7ais au Mali. Le pr\u00e9sident fran\u00e7ais, Emmanuel Macron, a d\u00e9clar\u00e9, jeudi, que la fermeture des bases fran\u00e7aises encore pr\u00e9sentes au Mali prendrait \u00ab quatre \u00e0 six mois \u00bb.<\/p>\n<p>AK<\/p>\n<p>L\u2019article <a rel=\"nofollow\" href=\"https:\/\/www.sidwaya.info\/blog\/2022\/02\/18\/au-mali-la-junte-au-pouvoir-demande-a-la-france-de-retirer-ses-soldats-sans-delai\/\">Au Mali, la junte au pouvoir demande \u00e0 la France de retirer ses soldats \u00ab sans d\u00e9lai \u00bb<\/a> est apparu en premier sur <a rel=\"nofollow\" href=\"https:\/\/www.sidwaya.info\/\">Quotidien Sidwaya<\/a>.<\/p>\n<\/div>\n<p>Auteur: BS. Sidwaya<br \/>\n<a href=\"https:\/\/www.sidwaya.info\/blog\/2022\/02\/18\/au-mali-la-junte-au-pouvoir-demande-a-la-france-de-retirer-ses-soldats-sans-delai\/?utm_source=rss&#038;utm_medium=rss&#038;utm_campaign=au-mali-la-junte-au-pouvoir-demande-a-la-france-de-retirer-ses-soldats-sans-delai\">Cliquez ici pour lire l&rsquo;article depuis sa source.<\/a><\/p>\n","protected":false},"excerpt":{"rendered":"<p>Apr\u00e8s la d\u00e9cision de la France et de ses partenaires europ\u00e9ens ainsi que le Canada de retirer progressivement leurs troupes du Mali, la junte au pouvoir \u00e0 Bamako a qualifi\u00e9 cette d\u00e9cision de \u00ab violation flagrante \u00bb des accords entre les deux pays, et\u00a0 demande \u00e0 la France de \u00ab retirer sans d\u00e9lai \u00bb ses [&hellip;]<\/p>\n","protected":false},"author":1816,"featured_media":0,"comment_status":"closed","ping_status":"closed","sticky":false,"template":"","format":"standard","meta":{"fifu_image_url":"","fifu_image_alt":"","footnotes":""},"categories":[73,81],"tags":[],"class_list":["post-141211","post","type-post","status-publish","format-standard","hentry","category-actualite","category-burkina-faso"],"_links":{"self":[{"href":"https:\/\/linitiative.ca\/International\/wp-json\/wp\/v2\/posts\/141211","targetHints":{"allow":["GET"]}}],"collection":[{"href":"https:\/\/linitiative.ca\/International\/wp-json\/wp\/v2\/posts"}],"about":[{"href":"https:\/\/linitiative.ca\/International\/wp-json\/wp\/v2\/types\/post"}],"author":[{"embeddable":true,"href":"https:\/\/linitiative.ca\/International\/wp-json\/wp\/v2\/users\/1816"}],"replies":[{"embeddable":true,"href":"https:\/\/linitiative.ca\/International\/wp-json\/wp\/v2\/comments?post=141211"}],"version-history":[{"count":0,"href":"https:\/\/linitiative.ca\/International\/wp-json\/wp\/v2\/posts\/141211\/revisions"}],"wp:attachment":[{"href":"https:\/\/linitiative.ca\/International\/wp-json\/wp\/v2\/media?parent=141211"}],"wp:term":[{"taxonomy":"category","embeddable":true,"href":"https:\/\/linitiative.ca\/International\/wp-json\/wp\/v2\/categories?post=141211"},{"taxonomy":"post_tag","embeddable":true,"href":"https:\/\/linitiative.ca\/International\/wp-json\/wp\/v2\/tags?post=141211"}],"curies":[{"name":"wp","href":"https:\/\/api.w.org\/{rel}","templated":true}]}}