{"id":141212,"date":"2022-02-18T12:03:58","date_gmt":"2022-02-18T17:03:58","guid":{"rendered":"https:\/\/linitiative.ca\/International\/cote-divoire-alassane-ouattara-ne-veut-pas-etre-candidat-en-2025\/"},"modified":"2022-02-18T12:03:58","modified_gmt":"2022-02-18T17:03:58","slug":"cote-divoire-alassane-ouattara-ne-veut-pas-etre-candidat-en-2025","status":"publish","type":"post","link":"https:\/\/linitiative.ca\/International\/cote-divoire-alassane-ouattara-ne-veut-pas-etre-candidat-en-2025\/","title":{"rendered":"C\u00f4te d\u2019Ivoire : Alassane Ouattara ne veut pas \u00eatre candidat en 2025"},"content":{"rendered":"<div>\n<p><b>\u00ab\u00a0<\/b>Lors de son entretien avec France 24 et RFI,\u00a0 le pr\u00e9sident Alassane Ouattara \u00a0a affirm\u00e9 ne pas \u00eatre \u00a0candidat \u00a0\u00e0 l\u2019\u00e9lection pr\u00e9sidentielle ivoirienne en 2025. <em>\u00ab Je ne suis pas \u00e0 la recherche d\u2019un job \u00e0 80 ans. Je souhaite que les Ivoiriens choisissent en 2025 quelqu\u2019un de plus jeune que moi et mes pr\u00e9d\u00e9cesseurs \u00bb, <\/em>a-t-il dit<em>.<\/em> Le pr\u00e9sident ivoirien veut d\u2019une \u00a0nouvelle \u00a0g\u00e9n\u00e9ration \u00a0de politiciens-surtout jeune- \u00e0 la t\u00eate de la C\u00f4te d\u2019Ivoire. R\u00e9pondant \u00e0 la position de Laurent Gbagbo de s\u2019opposer au projet de loi qui instaure une limitation de l\u2019\u00e2ge des candidats \u00e0 la prochaine pr\u00e9sidentielle, Alassane Ouattara est formel\u00a0: \u00ab<em>Laurent Gbagbo, ce n\u2019est pas la R\u00e9publique \u00bb.<\/em><\/p>\n<p><em>AK<\/em><\/p>\n<p>L\u2019article <a rel=\"nofollow\" href=\"https:\/\/www.sidwaya.info\/blog\/2022\/02\/18\/cote-divoire-alassane-ouattara-ne-veut-pas-etre-candidat-en-2025\/\">C\u00f4te d\u2019Ivoire : Alassane Ouattara ne veut pas \u00eatre candidat en 2025<\/a> est apparu en premier sur <a rel=\"nofollow\" href=\"https:\/\/www.sidwaya.info\/\">Quotidien Sidwaya<\/a>.<\/p>\n<\/div>\n<p>Auteur: BS. Sidwaya<br \/>\n<a href=\"https:\/\/www.sidwaya.info\/blog\/2022\/02\/18\/cote-divoire-alassane-ouattara-ne-veut-pas-etre-candidat-en-2025\/?utm_source=rss&#038;utm_medium=rss&#038;utm_campaign=cote-divoire-alassane-ouattara-ne-veut-pas-etre-candidat-en-2025\">Cliquez ici pour lire l&rsquo;article depuis sa source.<\/a><\/p>\n","protected":false},"excerpt":{"rendered":"<p>\u00ab\u00a0Lors de son entretien avec France 24 et RFI,\u00a0 le pr\u00e9sident Alassane Ouattara \u00a0a affirm\u00e9 ne pas \u00eatre \u00a0candidat \u00a0\u00e0 l\u2019\u00e9lection pr\u00e9sidentielle ivoirienne en 2025. \u00ab Je ne suis pas \u00e0 la recherche d\u2019un job \u00e0 80 ans. Je souhaite que les Ivoiriens choisissent en 2025 quelqu\u2019un de plus jeune que moi et mes pr\u00e9d\u00e9cesseurs [&hellip;]<\/p>\n","protected":false},"author":1816,"featured_media":0,"comment_status":"closed","ping_status":"closed","sticky":false,"template":"","format":"standard","meta":{"fifu_image_url":"","fifu_image_alt":"","footnotes":""},"categories":[73,81],"tags":[],"class_list":["post-141212","post","type-post","status-publish","format-standard","hentry","category-actualite","category-burkina-faso"],"_links":{"self":[{"href":"https:\/\/linitiative.ca\/International\/wp-json\/wp\/v2\/posts\/141212","targetHints":{"allow":["GET"]}}],"collection":[{"href":"https:\/\/linitiative.ca\/International\/wp-json\/wp\/v2\/posts"}],"about":[{"href":"https:\/\/linitiative.ca\/International\/wp-json\/wp\/v2\/types\/post"}],"author":[{"embeddable":true,"href":"https:\/\/linitiative.ca\/International\/wp-json\/wp\/v2\/users\/1816"}],"replies":[{"embeddable":true,"href":"https:\/\/linitiative.ca\/International\/wp-json\/wp\/v2\/comments?post=141212"}],"version-history":[{"count":0,"href":"https:\/\/linitiative.ca\/International\/wp-json\/wp\/v2\/posts\/141212\/revisions"}],"wp:attachment":[{"href":"https:\/\/linitiative.ca\/International\/wp-json\/wp\/v2\/media?parent=141212"}],"wp:term":[{"taxonomy":"category","embeddable":true,"href":"https:\/\/linitiative.ca\/International\/wp-json\/wp\/v2\/categories?post=141212"},{"taxonomy":"post_tag","embeddable":true,"href":"https:\/\/linitiative.ca\/International\/wp-json\/wp\/v2\/tags?post=141212"}],"curies":[{"name":"wp","href":"https:\/\/api.w.org\/{rel}","templated":true}]}}