{"id":141214,"date":"2022-02-18T11:18:03","date_gmt":"2022-02-18T16:18:03","guid":{"rendered":"https:\/\/linitiative.ca\/International\/le-mali-presse-les-militaires-francais-a-quitter-son-territoire\/"},"modified":"2022-02-18T11:18:03","modified_gmt":"2022-02-18T16:18:03","slug":"le-mali-presse-les-militaires-francais-a-quitter-son-territoire","status":"publish","type":"post","link":"https:\/\/linitiative.ca\/International\/le-mali-presse-les-militaires-francais-a-quitter-son-territoire\/","title":{"rendered":"Le Mali presse les militaires fran\u00e7ais \u00e0 quitter son territoire"},"content":{"rendered":"<div>\n<p><img decoding=\"async\" width=\"1080\" height=\"769\" src=\"https:\/\/linitiative.ca\/International\/wp-content\/uploads\/sites\/23\/2022\/02\/16452010831588.jpg\" class=\"attachment-post-thumbnail size-post-thumbnail wp-post-image\" alt=\"\" loading=\"lazy\" srcset=\"https:\/\/linitiative.ca\/International\/wp-content\/uploads\/sites\/23\/2022\/02\/16452010831588.jpg 1080w, https:\/\/www.journalducameroun.com\/wp-content\/uploads\/2022\/02\/16452010831588-300x214.jpg 300w, https:\/\/www.journalducameroun.com\/wp-content\/uploads\/2022\/02\/16452010831588-1024x729.jpg 1024w, https:\/\/www.journalducameroun.com\/wp-content\/uploads\/2022\/02\/16452010831588-768x547.jpg 768w, https:\/\/www.journalducameroun.com\/wp-content\/uploads\/2022\/02\/16452010831588-618x440.jpg 618w, https:\/\/www.journalducameroun.com\/wp-content\/uploads\/2022\/02\/16452010831588-600x427.jpg 600w\" sizes=\"auto, (max-width: 1080px) 100vw, 1080px\"><\/p>\n<p>Au lendemain de l&rsquo;annonce d&rsquo;un \u00ab retrait coordonn\u00e9 \u00bb des soldats fran\u00e7ais et de leurs alli\u00e9s europ\u00e9ens, les autorit\u00e9s de transition maliennes veulent que cette op\u00e9ration se fasse \u00ab sans d\u00e9lai \u00bb.Le Mali d&rsquo;Assimi Go\u00efta a h\u00e2te de tourner la page. Dans un communiqu\u00e9, publi\u00e9 ce vendredi, Bamako enjoint \u00e0 Paris de ne pas perdre de temps pour le retrait des forces militaires de Barkhane et Takuba.<\/p>\n<p>Les autorit\u00e9s de transition prennent acte de la \u00ab d\u00e9cision unilat\u00e9rale \u00bb de la France m\u00eame si elle constitue une \u00ab violation \u00bb des accords liant les deux pays ainsi que d&rsquo;autres partenaires. Au plus vite, le gouvernement malien s&rsquo;attend donc \u00e0 ce que ces troupes \u00e9trang\u00e8res quittent son territoire national sous sa supervision.<\/p>\n<p>\u00a0<\/p>\n<p>Cet article <a rel=\"nofollow\" href=\"https:\/\/www.journalducameroun.com\/le-mali-presse-les-militaires-francais-a-quitter-son-territoire\/\">Le Mali presse les militaires fran\u00e7ais \u00e0 quitter son territoire<\/a> est apparu en premier sur <a rel=\"nofollow\" href=\"https:\/\/www.journalducameroun.com\/\">Journal du Cameroun<\/a>.<\/p>\n<\/div>\n<p>Auteur: APA News<br \/>\n<a href=\"https:\/\/www.journalducameroun.com\/le-mali-presse-les-militaires-francais-a-quitter-son-territoire\/\">Cliquez ici pour lire l&rsquo;article depuis sa source.<\/a><\/p>\n","protected":false},"excerpt":{"rendered":"<p>Au lendemain de l&rsquo;annonce d&rsquo;un \u00ab retrait coordonn\u00e9 \u00bb des soldats fran\u00e7ais et de leurs alli\u00e9s europ\u00e9ens, les autorit\u00e9s de transition maliennes veulent que cette op\u00e9ration se fasse \u00ab sans d\u00e9lai \u00bb.Le Mali d&rsquo;Assimi Go\u00efta a h\u00e2te de tourner la page. Dans un communiqu\u00e9, publi\u00e9 ce vendredi, Bamako enjoint \u00e0 Paris de ne pas perdre [&hellip;]<\/p>\n","protected":false},"author":1965,"featured_media":0,"comment_status":"closed","ping_status":"closed","sticky":false,"template":"","format":"standard","meta":{"fifu_image_url":"https:\/\/www.journalducameroun.com\/wp-content\/uploads\/2022\/02\/16452010831588.jpg","fifu_image_alt":"Le Mali presse les militaires fran\u00e7ais \u00e0 quitter son territoire","footnotes":""},"categories":[73,82],"tags":[],"class_list":["post-141214","post","type-post","status-publish","format-standard","hentry","category-actualite","category-cameroun"],"_links":{"self":[{"href":"https:\/\/linitiative.ca\/International\/wp-json\/wp\/v2\/posts\/141214","targetHints":{"allow":["GET"]}}],"collection":[{"href":"https:\/\/linitiative.ca\/International\/wp-json\/wp\/v2\/posts"}],"about":[{"href":"https:\/\/linitiative.ca\/International\/wp-json\/wp\/v2\/types\/post"}],"author":[{"embeddable":true,"href":"https:\/\/linitiative.ca\/International\/wp-json\/wp\/v2\/users\/1965"}],"replies":[{"embeddable":true,"href":"https:\/\/linitiative.ca\/International\/wp-json\/wp\/v2\/comments?post=141214"}],"version-history":[{"count":0,"href":"https:\/\/linitiative.ca\/International\/wp-json\/wp\/v2\/posts\/141214\/revisions"}],"wp:attachment":[{"href":"https:\/\/linitiative.ca\/International\/wp-json\/wp\/v2\/media?parent=141214"}],"wp:term":[{"taxonomy":"category","embeddable":true,"href":"https:\/\/linitiative.ca\/International\/wp-json\/wp\/v2\/categories?post=141214"},{"taxonomy":"post_tag","embeddable":true,"href":"https:\/\/linitiative.ca\/International\/wp-json\/wp\/v2\/tags?post=141214"}],"curies":[{"name":"wp","href":"https:\/\/api.w.org\/{rel}","templated":true}]}}