{"id":141216,"date":"2022-02-18T11:18:03","date_gmt":"2022-02-18T16:18:03","guid":{"rendered":"https:\/\/linitiative.ca\/International\/rca-des-refugies-affluent-a-la-vakaga\/"},"modified":"2022-02-18T11:18:03","modified_gmt":"2022-02-18T16:18:03","slug":"rca-des-refugies-affluent-a-la-vakaga","status":"publish","type":"post","link":"https:\/\/linitiative.ca\/International\/rca-des-refugies-affluent-a-la-vakaga\/","title":{"rendered":"RCA : des r\u00e9fugi\u00e9s affluent \u00e0 la Vakaga"},"content":{"rendered":"<div>\n<p><img decoding=\"async\" width=\"275\" height=\"183\" src=\"https:\/\/linitiative.ca\/International\/wp-content\/uploads\/sites\/23\/2022\/02\/16452010838385.jpg\" class=\"attachment-post-thumbnail size-post-thumbnail wp-post-image\" alt=\"\" loading=\"lazy\"><\/p>\n<p>La pr\u00e9fecture de la Vakaga connait un afflux de d\u00e9plac\u00e9s internes en provenance de la localit\u00e9 de Sam-Ouandja.Les r\u00e9fugi\u00e9s, constitu\u00e9s pour la plupart de femmes et d&rsquo;enfants, ont fui l&rsquo;activisme des groupes arm\u00e9s \u00e0 Vakaga (nord-est). Selon les autorit\u00e9s pr\u00e9fectorales, ce sont au moins 49 m\u00e9nages, soit plus de 300 personnes qui sont arriv\u00e9es en provenance de la zone de Sam-Ouandja, situ\u00e9e \u00e0 environ 200 km au sud de Birao.<\/p>\n<p>Hapsita Fadoul fait partie de ces centaines de femmes qui ont trouv\u00e9 refuge sous des tentes dress\u00e9es d&rsquo;urgence par les Casques bleus du contingent zambien de la Mission multidimensionnelle int\u00e9gr\u00e9e des Nations unies pour la stabilisation en Centrafrique (Minusca).<\/p>\n<p>Elle a affirm\u00e9 avoir fait huit jours de marche avec ses trois enfants, pour regagner Birao. \u00ab Des gens arm\u00e9s sont venus attaquer Sam-Ouandja. Ils tiraient partout et nous avons d\u00fb fuir avec nos enfants. Nous n&rsquo;avons pas d&rsquo;armes pour nous d\u00e9fendre. Vous savez, l&rsquo;arme ne choisit pas quelqu&rsquo;un. Nous n&rsquo;avons m\u00eame pas pu prendre nos affaires avant de fuir. Nous sommes arriv\u00e9s ici et nous nous retrouvons sans abris, d\u00e9pourvus de quoi manger et boire. Vraiment, nous souffrons \u00bb, a-t-elle confi\u00e9.<\/p>\n<p>Le pr\u00e9fet de la Vakaga dit mesurer l&rsquo;ampleur de la situation et assure que des dispositions sont en train d&rsquo;\u00eatre prises pour que ces personnes d\u00e9plac\u00e9es soient en s\u00e9curit\u00e9. \u00ab Nous les avons re\u00e7us comme des \u00eatres humains, pour ne pas dire comme des Centrafricains. Nous les avons mis \u00e0 l&rsquo;abri. Nous avons eu une rencontre avec toutes les ONG et la Minusca, nous sommes en train de chercher le moyen de les mettre \u00e0 l&rsquo;aise \u00bb, a d\u00e9clar\u00e9 Leonard Mbele.<\/p>\n<p>A l&rsquo;issue d&rsquo;une r\u00e9union d&rsquo;urgence convoqu\u00e9e par le chef du bureau de la Minusca \u00e0 Birao, le 16 f\u00e9vrier 2022, les acteurs humanitaires op\u00e9rant dans la Vakaga ont estim\u00e9 qu&rsquo;il \u00e9tait imp\u00e9ratif de se pencher rapidement sur la situation. C&rsquo;est ainsi que le Programme alimentaire mondial (PAM) a aussit\u00f4t annonc\u00e9 une distribution ponctuelle de vivres afin de permettre \u00e0 ces personnes d\u00e9plac\u00e9es d&rsquo;avoir de quoi manger, en attendant qu&rsquo;une solution durable soit trouv\u00e9e.<\/p>\n<p>\u00ab De concert avec le pr\u00e9fet, nous nous organisons pour voir comment accompagner ces personnes. Il y a d\u00e9j\u00e0 une coordination entre le PAM, ACTED et les autres acteurs humanitaires pour d&rsquo;abord bien identifier les personnes qui arrivent et d\u00e9terminer quels sont leurs besoins. Il y a une mission du PNUD et du HCR qui s&rsquo;est d\u00e9p\u00each\u00e9e \u00e0 Birao pour \u00e9valuer la situation durable de ces personnes d\u00e9plac\u00e9es. C&rsquo;est dans ce contexte que nous avons cet afflux \u00bb, a dit le chef du bureau de la Minusca \u00e0 Birao, Bessan Vikou, pr\u00e9cisant que la Minusca r\u00e9fl\u00e9chit \u00e0 une strat\u00e9gie afin d&rsquo;\u00e9viter tout d\u00e9bordement.<\/p>\n<p>Cet article <a rel=\"nofollow\" href=\"https:\/\/www.journalducameroun.com\/rca-des-refugies-affluent-a-la-vakaga\/\">RCA : des r\u00e9fugi\u00e9s affluent \u00e0 la Vakaga<\/a> est apparu en premier sur <a rel=\"nofollow\" href=\"https:\/\/www.journalducameroun.com\/\">Journal du Cameroun<\/a>.<\/p>\n<\/div>\n<p>Auteur: APA News<br \/>\n<a href=\"https:\/\/www.journalducameroun.com\/rca-des-refugies-affluent-a-la-vakaga\/\">Cliquez ici pour lire l&rsquo;article depuis sa source.<\/a><\/p>\n","protected":false},"excerpt":{"rendered":"<p>La pr\u00e9fecture de la Vakaga connait un afflux de d\u00e9plac\u00e9s internes en provenance de la localit\u00e9 de Sam-Ouandja.Les r\u00e9fugi\u00e9s, constitu\u00e9s pour la plupart de femmes et d&rsquo;enfants, ont fui l&rsquo;activisme des groupes arm\u00e9s \u00e0 Vakaga (nord-est). Selon les autorit\u00e9s pr\u00e9fectorales, ce sont au moins 49 m\u00e9nages, soit plus de 300 personnes qui sont arriv\u00e9es en [&hellip;]<\/p>\n","protected":false},"author":1965,"featured_media":0,"comment_status":"closed","ping_status":"closed","sticky":false,"template":"","format":"standard","meta":{"fifu_image_url":"https:\/\/www.journalducameroun.com\/wp-content\/uploads\/2022\/02\/16452010838385.jpg","fifu_image_alt":"RCA : des r\u00e9fugi\u00e9s affluent \u00e0 la Vakaga","footnotes":""},"categories":[73,82],"tags":[],"class_list":["post-141216","post","type-post","status-publish","format-standard","hentry","category-actualite","category-cameroun"],"_links":{"self":[{"href":"https:\/\/linitiative.ca\/International\/wp-json\/wp\/v2\/posts\/141216","targetHints":{"allow":["GET"]}}],"collection":[{"href":"https:\/\/linitiative.ca\/International\/wp-json\/wp\/v2\/posts"}],"about":[{"href":"https:\/\/linitiative.ca\/International\/wp-json\/wp\/v2\/types\/post"}],"author":[{"embeddable":true,"href":"https:\/\/linitiative.ca\/International\/wp-json\/wp\/v2\/users\/1965"}],"replies":[{"embeddable":true,"href":"https:\/\/linitiative.ca\/International\/wp-json\/wp\/v2\/comments?post=141216"}],"version-history":[{"count":0,"href":"https:\/\/linitiative.ca\/International\/wp-json\/wp\/v2\/posts\/141216\/revisions"}],"wp:attachment":[{"href":"https:\/\/linitiative.ca\/International\/wp-json\/wp\/v2\/media?parent=141216"}],"wp:term":[{"taxonomy":"category","embeddable":true,"href":"https:\/\/linitiative.ca\/International\/wp-json\/wp\/v2\/categories?post=141216"},{"taxonomy":"post_tag","embeddable":true,"href":"https:\/\/linitiative.ca\/International\/wp-json\/wp\/v2\/tags?post=141216"}],"curies":[{"name":"wp","href":"https:\/\/api.w.org\/{rel}","templated":true}]}}