{"id":141218,"date":"2022-02-18T11:43:10","date_gmt":"2022-02-18T16:43:10","guid":{"rendered":"https:\/\/linitiative.ca\/International\/cameroun-des-faux-produits-eclaircissants-saisis-par-la-douane\/"},"modified":"2022-02-18T11:43:10","modified_gmt":"2022-02-18T16:43:10","slug":"cameroun-des-faux-produits-eclaircissants-saisis-par-la-douane","status":"publish","type":"post","link":"https:\/\/linitiative.ca\/International\/cameroun-des-faux-produits-eclaircissants-saisis-par-la-douane\/","title":{"rendered":"Cameroun : des faux produits \u00e9claircissants saisis par la douane"},"content":{"rendered":"<div>\n<p><img decoding=\"async\" width=\"480\" height=\"320\" src=\"https:\/\/linitiative.ca\/International\/wp-content\/uploads\/sites\/23\/2022\/02\/Produits-cometiques-saisis.jpg\" class=\"attachment-post-thumbnail size-post-thumbnail wp-post-image\" alt=\"Faux produits de beaut\u00e9\" loading=\"lazy\" srcset=\"https:\/\/linitiative.ca\/International\/wp-content\/uploads\/sites\/23\/2022\/02\/Produits-cometiques-saisis.jpg 480w, https:\/\/www.journalducameroun.com\/wp-content\/uploads\/2022\/02\/Produits-cometiques-saisis-300x200.jpg 300w\" sizes=\"auto, (max-width: 480px) 100vw, 480px\"><\/p>\n<h2 style=\"text-align: justify;\">Il s\u2019agit de substances cosm\u00e9tiques utilis\u00e9es sur la peau. L\u2019op\u00e9ration s\u2019est d\u00e9roul\u00e9e dans une usine clandestine \u00e0 Douala.<\/h2>\n<p style=\"text-align: justify;\">Sale temps pour plusieurs vendeurs et utilisateurs de <strong>produits cosm\u00e9tiques<\/strong>. Mais sans doute, un mal pour un bien. Et le m\u00e9rite revient aux forces de la <strong>douane<\/strong> Camerounaise, \u00e0 Douala.<\/p>\n<p style=\"text-align: justify;\">C\u2019est sous l\u2019\u00e9gide du commandant Mvondo Elanga, responsable des <strong>douanes<\/strong>, que l\u2019op\u00e9ration coups de poings a pu \u00eatre effectu\u00e9e. Une descente sur le terrain qui a permis de saisir des<strong> laits de toilette contrefaits<\/strong> et autres cr\u00e8mes \u00e9claircissantes dont la cargaison est \u00e9valu\u00e9e \u00e0 au moins huit tonnes.<\/p>\n<p style=\"text-align: justify;\"><em>\u00ab L\u2019ensemble des produits et mat\u00e9riels saisis vaut au minimum 100 millions de FCFA \u00bb<\/em> a indiqu\u00e9 le commandant Mvondo Elanga.<\/p>\n<p style=\"text-align: justify;\">Autres \u00e9l\u00e9ments saisis, des \u00e9tiquettes et r\u00e9cipients de toutes sortes. L\u2019<strong>usine clandestine<\/strong> qui fabrique ces produits est situ\u00e9e au quartier Ndogbong au lieu-dit \u2018Zachman\u2019. Apr\u00e8s la saisie, les officiers de la <strong>douane<\/strong> l\u2019ont scell\u00e9e avant d\u2019amener les faux produits \u00e0 l\u2019ancienne direction g\u00e9n\u00e9rale des <strong>Douanes<\/strong>.<\/p>\n<p style=\"text-align: justify;\">La propri\u00e9taire se d\u00e9fend et r\u00e9cuse de ce fait l\u2019accusation de la douane. Elle pr\u00e9tend ne pas pratiquer une <strong>activit\u00e9 r\u00e9pr\u00e9hensible<\/strong>. Et elle poursuit qu\u2019elle est la promotrice de sa propre marque, qui est mis au nom de sa fille.<\/p>\n<p style=\"text-align: justify;\">Mais face \u00e0 ces propos, le commandant Mvondo Elanga indique qu\u2019ils avaient d\u00e9j\u00e0 men\u00e9 l\u2019enqu\u00eate et avaient l\u2019information depuis quelques jours. Et c\u2019est apr\u00e8s avoir obtenu le mandat que la douane a enfin pu d\u00e9barquer sur les lieux. Apr\u00e8s quoi, des tests ont \u00e9t\u00e9 fait pour v\u00e9rifier la dangerosit\u00e9 des produits.<\/p>\n<p style=\"text-align: justify;\"><em>\u00ab Nous avons proc\u00e9d\u00e9 \u00e0 des tests sur des feuilles blanches. Assez rapidement, elles devenaient pratiquement comme de la cendre \u00bb<\/em> indique-t-il. Puis souligne que sur une <strong>peau humaine<\/strong>, les m\u00eames produits ne tarderaient pas \u00e0 avoir des cons\u00e9quences nocives. Ce qui va alors entrainer le <strong>blanchiment de l\u2019\u00e9piderme<\/strong>.<\/p>\n<p style=\"text-align: justify;\">Ces cr\u00e8mes qui permettent de traiter la coloration de la peau due au m\u00e9lasma et aux cicatrices de l\u2019acn\u00e9, rev\u00eatent un aspect n\u00e9faste pour la sant\u00e9.<\/p>\n<p style=\"text-align: justify;\">De nombreuses \u00e9tudes scientifiques ont r\u00e9v\u00e9l\u00e9 les dangers associ\u00e9s \u00e0 leur utilisation. On parle d\u2019une agressivit\u00e9 sur la peau et des risques \u00e9lev\u00e9s de d\u00e9velopper un cancer.<\/p>\n<p>\u00a0<\/p>\n<p>\u00a0<\/p>\n<p>Cet article <a rel=\"nofollow\" href=\"https:\/\/www.journalducameroun.com\/cameroun-des-faux-produits-eclaircissants-saisis-par-la-douane\/\">Cameroun : des faux produits \u00e9claircissants saisis par la douane<\/a> est apparu en premier sur <a rel=\"nofollow\" href=\"https:\/\/www.journalducameroun.com\/\">Journal du Cameroun<\/a>.<\/p>\n<\/div>\n<p>Auteur: Paul Wandji<br \/>\n<a href=\"https:\/\/www.journalducameroun.com\/cameroun-des-faux-produits-eclaircissants-saisis-par-la-douane\/\">Cliquez ici pour lire l&rsquo;article depuis sa source.<\/a><\/p>\n","protected":false},"excerpt":{"rendered":"<p>Il s\u2019agit de substances cosm\u00e9tiques utilis\u00e9es sur la peau. L\u2019op\u00e9ration s\u2019est d\u00e9roul\u00e9e dans une usine clandestine \u00e0 Douala. Sale temps pour plusieurs vendeurs et utilisateurs de produits cosm\u00e9tiques. Mais sans doute, un mal pour un bien. Et le m\u00e9rite revient aux forces de la douane Camerounaise, \u00e0 Douala. C\u2019est sous l\u2019\u00e9gide du commandant Mvondo Elanga, [&hellip;]<\/p>\n","protected":false},"author":1965,"featured_media":0,"comment_status":"closed","ping_status":"closed","sticky":false,"template":"","format":"standard","meta":{"fifu_image_url":"https:\/\/www.journalducameroun.com\/wp-content\/uploads\/2022\/02\/Produits-cometiques-saisis.jpg","fifu_image_alt":"Cameroun : des faux produits \u00e9claircissants saisis par la douane","footnotes":""},"categories":[73,82],"tags":[],"class_list":["post-141218","post","type-post","status-publish","format-standard","hentry","category-actualite","category-cameroun"],"_links":{"self":[{"href":"https:\/\/linitiative.ca\/International\/wp-json\/wp\/v2\/posts\/141218","targetHints":{"allow":["GET"]}}],"collection":[{"href":"https:\/\/linitiative.ca\/International\/wp-json\/wp\/v2\/posts"}],"about":[{"href":"https:\/\/linitiative.ca\/International\/wp-json\/wp\/v2\/types\/post"}],"author":[{"embeddable":true,"href":"https:\/\/linitiative.ca\/International\/wp-json\/wp\/v2\/users\/1965"}],"replies":[{"embeddable":true,"href":"https:\/\/linitiative.ca\/International\/wp-json\/wp\/v2\/comments?post=141218"}],"version-history":[{"count":0,"href":"https:\/\/linitiative.ca\/International\/wp-json\/wp\/v2\/posts\/141218\/revisions"}],"wp:attachment":[{"href":"https:\/\/linitiative.ca\/International\/wp-json\/wp\/v2\/media?parent=141218"}],"wp:term":[{"taxonomy":"category","embeddable":true,"href":"https:\/\/linitiative.ca\/International\/wp-json\/wp\/v2\/categories?post=141218"},{"taxonomy":"post_tag","embeddable":true,"href":"https:\/\/linitiative.ca\/International\/wp-json\/wp\/v2\/tags?post=141218"}],"curies":[{"name":"wp","href":"https:\/\/api.w.org\/{rel}","templated":true}]}}