{"id":141220,"date":"2022-02-18T14:18:03","date_gmt":"2022-02-18T19:18:03","guid":{"rendered":"https:\/\/linitiative.ca\/International\/mali-la-france-ne-veut-pas-perdre-le-mali-expert\/"},"modified":"2022-02-18T14:18:03","modified_gmt":"2022-02-18T19:18:03","slug":"mali-la-france-ne-veut-pas-perdre-le-mali-expert","status":"publish","type":"post","link":"https:\/\/linitiative.ca\/International\/mali-la-france-ne-veut-pas-perdre-le-mali-expert\/","title":{"rendered":"Mali : \u00ab la France ne veut pas perdre le Mali \u00bb (expert)"},"content":{"rendered":"<div>\n<p>Les rapports heurt\u00e9s entre Paris et Bamako montrent que l\u2019ex-puissance coloniale veut co\u00fbte que co\u00fbte garder son influence sur son ancienne colonie, estime le Docteur en Sciences politiques et enseignant-chercheur \u00e0 l\u2019Universit\u00e9 catholique de l\u2019Afrique de l\u2019Ouest (Ucao) de Dakar, Adama Sadio, interrog\u00e9 par APA.1. Le retrait du Mali des soldats de Barkhane et Takuba a \u00e9t\u00e9 d\u00e9cid\u00e9 jeudi \u00e0 l\u2019occasion du Sommet UE-UA. Comment analysez-vous cette d\u00e9cision ?\u00a0<\/p>\n<p>Les forces fran\u00e7aises sont au Mali depuis neuf ans, mais cela n\u2019a pas emp\u00each\u00e9 le pays de vivre dans l\u2019ins\u00e9curit\u00e9. L\u2019instabilit\u00e9 persiste. D\u2019ailleurs, c\u2019est ce qui explique le m\u00e9contentement des populations et autorit\u00e9s maliennes qui demandent leur d\u00e9part.<\/p>\n<p>Maintenant, nous sommes dans une dynamique g\u00e9opolitique mondiale o\u00f9 le Mali fait appel \u00e0 la Russie pour ne pas dire des \u00ab mercenaires russes \u00bb \u00e9galement pr\u00e9sents en Centrafrique.<\/p>\n<p>Il y a de cela un an, ce sont ces m\u00eames mercenaires qui avaient aid\u00e9 le pouvoir de Bangui, menac\u00e9 par les rebelles, \u00e0 se maintenir. Ces hommes sont aussi intervenus en Syrie lorsque le r\u00e9gime de Bachar Al Assad \u00e9tait dans de grandes difficult\u00e9s.<\/p>\n<p>La guerre contre le jihadisme au Sahel est extr\u00eamement compliqu\u00e9e. Jusque-l\u00e0, on peut dire que l\u2019arm\u00e9e fran\u00e7aise a eu de bonnes intentions. Cependant, rien n\u2019est encore gagn\u00e9 dans les faits.<\/p>\n<p>L\u2019avenir nous dira si le retrait des troupes \u00e9trang\u00e8res est un pari risqu\u00e9 pour le Mali ou non. Une chose est s\u00fbre : Wagner a d\u00e9j\u00e0 obtenu des r\u00e9sultats ailleurs m\u00eame si on l\u2019accuse de tous les noms d\u2019oiseaux, notamment des violations de droits humains\u2026<\/p>\n<p>Nous ne devons pas oublier de rappeler que l\u2019arm\u00e9e fran\u00e7aise, qui est intervenue en Centrafrique sous la banni\u00e8re des Nations Unies, a \u00e9galement commis des actes de p\u00e9dophilie. C\u2019est dire que ce que l\u2019on reproche aux Russes actuellement, on le retrouve dans d\u2019autres arm\u00e9es.<\/p>\n<p>2. la France et ses alli\u00e9s vont se red\u00e9ployer d\u2019autres pays du Sahel. Que vous inspire ce choix ?<\/p>\n<p>C\u2019est juste parce que la France ne veut pas perdre le Mali. \u00c0 vrai dire, elle ne veut pas quitter le Mali. L\u2019enjeu n\u2019est pas seulement la d\u00e9mocratie. Il est beaucoup plus g\u00e9ostrat\u00e9gique et \u00e9conomique.<\/p>\n<p>Au Tchad par exemple, Paris a intronis\u00e9 Deby fils \u00e0 la t\u00eate du pays et men\u00e9 un lobbying intense pour ne pas que N\u2019Djamena soit sanctionn\u00e9 par l\u2019Union Africaine (UA) ou la Communaut\u00e9 \u00e9conomique et mon\u00e9taire de l\u2019Afrique centrale.<\/p>\n<p>Tout le contraire de ce que l\u2019Elys\u00e9e a fait pour Bamako alors que les deux pouvoirs sont issus de coup d\u2019Etat. La France a activ\u00e9 tous ses leviers pour que la Communaut\u00e9 \u00e9conomique des \u00c9tats de l\u2019Afrique de l\u2019Ouest (C\u00e9d\u00e9ao), l\u2019UA et la communaut\u00e9 internationale sanctionnent le Mali.<\/p>\n<p>Cela est d\u00fb au fait que la France ne veut pas quitter et perdre le Mali. Un rapport du S\u00e9nat fran\u00e7ais, publi\u00e9 en 2014, dit que l\u2019avenir de l\u2019Hexagone est en Afrique.<\/p>\n<p>La France est en effet une voiture dont le moteur est le continent noir. Elle a carr\u00e9ment besoin de lui. Le probl\u00e8me est qu\u2019aujourd\u2019hui, il y a un sentiment, pas anti-fran\u00e7ais comme le disent certains, mais plut\u00f4t un sentiment antipolitique fran\u00e7aise en Afrique qui gagne de plus en plus de terrain.<\/p>\n<p>La France a perdu la Centrafrique. Aujourd\u2019hui, avec la junte malienne, Paris est \u00e9galement sur le point de perdre. Il y a un effet de contagion qu\u2019elle redoute.<\/p>\n<p>L\u2019autre aspect qu\u2019il ne faut pas perdre de vue, si la France est membre du Conseil de s\u00e9curit\u00e9 des Nations Unies, au-del\u00e0 d\u2019\u00eatre parmi les Etats vainqueurs de la seconde guerre mondiale, c\u2019est parce qu\u2019elle a eu des colonies importantes sur le continent africain.<\/p>\n<p>Il faut ajouter la d\u00e9mographie galopante de ce continent qui inqui\u00e8te d\u2019une part les occidentaux, mais qui repr\u00e9sente en m\u00eame temps un march\u00e9 \u00e9norme pour leurs entreprises.<\/p>\n<p>Plusieurs grandes enseignes europ\u00e9ennes s\u2019installent dans nos pays. C\u2019est une politique bien pens\u00e9e par les Occidentaux. Chaque ann\u00e9e, un pays africain d\u00e9couvre du p\u00e9trole ou du gaz.<\/p>\n<p>La France a de plus en plus besoin de ces ressources pour assurer son approvisionnement surtout dans un contexte tr\u00e8s tendu avec la Russie. Enfin, elle a besoin de l\u2019Afrique pour s\u2019affirmer comme une puissance militaire africaine. C\u2019est seulement dans ce continent que la France peut changer le cours de l\u2019histoire d\u2019un pays.<\/p>\n<p>Cet article <a rel=\"nofollow\" href=\"https:\/\/www.journalducameroun.com\/mali-la-france-ne-veut-pas-perdre-le-mali-expert\/\">Mali : \u00ab la France ne veut pas perdre le Mali \u00bb (expert)<\/a> est apparu en premier sur <a rel=\"nofollow\" href=\"https:\/\/www.journalducameroun.com\/\">Journal du Cameroun<\/a>.<\/p>\n<\/div>\n<p>Auteur: APA News<br \/>\n<a href=\"https:\/\/www.journalducameroun.com\/mali-la-france-ne-veut-pas-perdre-le-mali-expert\/\">Cliquez ici pour lire l&rsquo;article depuis sa source.<\/a><\/p>\n","protected":false},"excerpt":{"rendered":"<p>Les rapports heurt\u00e9s entre Paris et Bamako montrent que l\u2019ex-puissance coloniale veut co\u00fbte que co\u00fbte garder son influence sur son ancienne colonie, estime le Docteur en Sciences politiques et enseignant-chercheur \u00e0 l\u2019Universit\u00e9 catholique de l\u2019Afrique de l\u2019Ouest (Ucao) de Dakar, Adama Sadio, interrog\u00e9 par APA.1. Le retrait du Mali des soldats de Barkhane et Takuba [&hellip;]<\/p>\n","protected":false},"author":1965,"featured_media":0,"comment_status":"closed","ping_status":"closed","sticky":false,"template":"","format":"standard","meta":{"fifu_image_url":"","fifu_image_alt":"","footnotes":""},"categories":[73,82],"tags":[],"class_list":["post-141220","post","type-post","status-publish","format-standard","hentry","category-actualite","category-cameroun"],"_links":{"self":[{"href":"https:\/\/linitiative.ca\/International\/wp-json\/wp\/v2\/posts\/141220","targetHints":{"allow":["GET"]}}],"collection":[{"href":"https:\/\/linitiative.ca\/International\/wp-json\/wp\/v2\/posts"}],"about":[{"href":"https:\/\/linitiative.ca\/International\/wp-json\/wp\/v2\/types\/post"}],"author":[{"embeddable":true,"href":"https:\/\/linitiative.ca\/International\/wp-json\/wp\/v2\/users\/1965"}],"replies":[{"embeddable":true,"href":"https:\/\/linitiative.ca\/International\/wp-json\/wp\/v2\/comments?post=141220"}],"version-history":[{"count":0,"href":"https:\/\/linitiative.ca\/International\/wp-json\/wp\/v2\/posts\/141220\/revisions"}],"wp:attachment":[{"href":"https:\/\/linitiative.ca\/International\/wp-json\/wp\/v2\/media?parent=141220"}],"wp:term":[{"taxonomy":"category","embeddable":true,"href":"https:\/\/linitiative.ca\/International\/wp-json\/wp\/v2\/categories?post=141220"},{"taxonomy":"post_tag","embeddable":true,"href":"https:\/\/linitiative.ca\/International\/wp-json\/wp\/v2\/tags?post=141220"}],"curies":[{"name":"wp","href":"https:\/\/api.w.org\/{rel}","templated":true}]}}