{"id":141221,"date":"2022-02-18T06:21:42","date_gmt":"2022-02-18T11:21:42","guid":{"rendered":"https:\/\/linitiative.ca\/International\/sommet-ue-ua-le-sg-pr-ferdinand-ngoh-ngoh-represente-le-chef-de-letat\/"},"modified":"2022-02-18T06:21:42","modified_gmt":"2022-02-18T11:21:42","slug":"sommet-ue-ua-le-sg-pr-ferdinand-ngoh-ngoh-represente-le-chef-de-letat","status":"publish","type":"post","link":"https:\/\/linitiative.ca\/International\/sommet-ue-ua-le-sg-pr-ferdinand-ngoh-ngoh-represente-le-chef-de-letat\/","title":{"rendered":"Sommet UE-UA : le SG\/PR Ferdinand Ngoh Ngoh repr\u00e9sente le chef de l\u2019Etat"},"content":{"rendered":"<div>\n<p>\u00ab\u00a0Afrique et Europe, deux continents avec une vision commune d\u2019ici 2030\u00a0\u00bb, est le th\u00e8me du 6<sup>e<\/sup>\u00a0sommet Union africaine-Union europ\u00e9enne, qui se tient depuis le 17 f\u00e9vrier 2022, \u00e0 Bruxelles en Belgique. L\u2019\u00e9conomie, la sant\u00e9, la s\u00e9curit\u00e9, et la protection de l\u2019environnement sont les th\u00e9matiques principales sur lesquelles, les dirigeants et les repr\u00e9sentants des 80 Etats qui ont fait le d\u00e9placement se concertent. Le Cameroun y est repr\u00e9sent\u00e9 de ce fait par le ministre d\u2019Etat, secr\u00e9taire g\u00e9n\u00e9ral de la pr\u00e9sidence de la R\u00e9publique, Ferdinand Ngoh Ngoh, mandat\u00e9 par le pr\u00e9sident de la R\u00e9publique, Paul Biya. Il est accompagn\u00e9 par le ministre des Relations ext\u00e9rieures, Lejeune Mbella Mbella et les ambassadeurs du Cameroun aupr\u00e8s de l\u2019Union europ\u00e9enne et de l\u2019Union africaine.<\/p>\n<p>La rencontre de deux jours, qui s\u2019ach\u00e8ve ce 18 f\u00e9vrier, rev\u00eat plusieurs enjeux majeurs. L\u2019on a alors la transformation \u00e9nerg\u00e9tique, les changements climatiques et la connectivit\u00e9 num\u00e9rique et logistique\u00a0; la paix, la s\u00e9curit\u00e9 et la gouvernance\u00a0;\u00a0\u00a0la production de vaccins et des syst\u00e8mes de sant\u00e9\u00a0; le financement de la croissance\u00a0; le soutien au secteur priv\u00e9\u00a0; l\u2019\u00e9ducation, la culture, la formation professionnelle, de la migration et de la mobilit\u00e9\u00a0 et l\u2019agriculture et le d\u00e9veloppement durable. Il convient de noter que ces 7 enjeux rel\u00e8vent des th\u00e9matiques qui feront l\u2019objet de d\u00e9bat durant les tables rondes relatives \u00e0 celles-ci.<\/p>\n<p>Pour la premi\u00e8re journ\u00e9e des travaux d\u00e9j\u00e0, le SG\/PR a assist\u00e9 \u00e0 la table ronde ayant pour th\u00e8me \u00ab\u00a0Paix-s\u00e9curit\u00e9-gouvernance\u00a0\u00bb.<\/p>\n<p>L\u2019article <a rel=\"nofollow\" href=\"https:\/\/ecomatin.net\/sommet-ue-ua-le-sg-pr-ferdinand-ngoh-ngoh-represente-le-chef-f-de-letat\/\">Sommet UE-UA : le SG\/PR Ferdinand Ngoh Ngoh repr\u00e9sente le chef de l\u2019Etat<\/a> est apparu en premier sur <a rel=\"nofollow\" href=\"https:\/\/ecomatin.net\/\">EcoMatin<\/a>.<\/p>\n<\/div>\n<p>Auteur: Cindy MBALA<br \/>\n<a href=\"https:\/\/ecomatin.net\/sommet-ue-ua-le-sg-pr-ferdinand-ngoh-ngoh-represente-le-chef-f-de-letat\/\">Cliquez ici pour lire l&rsquo;article depuis sa source.<\/a><\/p>\n","protected":false},"excerpt":{"rendered":"<p>\u00ab\u00a0Afrique et Europe, deux continents avec une vision commune d\u2019ici 2030\u00a0\u00bb, est le th\u00e8me du 6e\u00a0sommet Union africaine-Union europ\u00e9enne, qui se tient depuis le 17 f\u00e9vrier 2022, \u00e0 Bruxelles en Belgique. L\u2019\u00e9conomie, la sant\u00e9, la s\u00e9curit\u00e9, et la protection de l\u2019environnement sont les th\u00e9matiques principales sur lesquelles, les dirigeants et les repr\u00e9sentants des 80 Etats [&hellip;]<\/p>\n","protected":false},"author":1969,"featured_media":0,"comment_status":"closed","ping_status":"closed","sticky":false,"template":"","format":"standard","meta":{"fifu_image_url":"","fifu_image_alt":"","footnotes":""},"categories":[82,78],"tags":[],"class_list":["post-141221","post","type-post","status-publish","format-standard","hentry","category-cameroun","category-economie"],"_links":{"self":[{"href":"https:\/\/linitiative.ca\/International\/wp-json\/wp\/v2\/posts\/141221","targetHints":{"allow":["GET"]}}],"collection":[{"href":"https:\/\/linitiative.ca\/International\/wp-json\/wp\/v2\/posts"}],"about":[{"href":"https:\/\/linitiative.ca\/International\/wp-json\/wp\/v2\/types\/post"}],"author":[{"embeddable":true,"href":"https:\/\/linitiative.ca\/International\/wp-json\/wp\/v2\/users\/1969"}],"replies":[{"embeddable":true,"href":"https:\/\/linitiative.ca\/International\/wp-json\/wp\/v2\/comments?post=141221"}],"version-history":[{"count":0,"href":"https:\/\/linitiative.ca\/International\/wp-json\/wp\/v2\/posts\/141221\/revisions"}],"wp:attachment":[{"href":"https:\/\/linitiative.ca\/International\/wp-json\/wp\/v2\/media?parent=141221"}],"wp:term":[{"taxonomy":"category","embeddable":true,"href":"https:\/\/linitiative.ca\/International\/wp-json\/wp\/v2\/categories?post=141221"},{"taxonomy":"post_tag","embeddable":true,"href":"https:\/\/linitiative.ca\/International\/wp-json\/wp\/v2\/tags?post=141221"}],"curies":[{"name":"wp","href":"https:\/\/api.w.org\/{rel}","templated":true}]}}