{"id":141225,"date":"2022-02-18T11:32:07","date_gmt":"2022-02-18T16:32:07","guid":{"rendered":"https:\/\/linitiative.ca\/International\/pour-stopper-la-propagation-du-cholera-le-gouvernement-envisage-une-campagne-de-vaccination\/"},"modified":"2022-02-18T11:32:07","modified_gmt":"2022-02-18T16:32:07","slug":"pour-stopper-la-propagation-du-cholera-le-gouvernement-envisage-une-campagne-de-vaccination","status":"publish","type":"post","link":"https:\/\/linitiative.ca\/International\/pour-stopper-la-propagation-du-cholera-le-gouvernement-envisage-une-campagne-de-vaccination\/","title":{"rendered":"Pour stopper la propagation du chol\u00e9ra, le gouvernement envisage une campagne de vaccination"},"content":{"rendered":"<div>\n<p>L\u2019alerte a \u00e9t\u00e9 donn\u00e9e par le Ministre de la sant\u00e9 ce 6 f\u00e9vrier 2022. Manaouda Malachie r\u00e9percutait ainsi les chiffres du chol\u00e9ra dont les premiers cas ont \u00e9t\u00e9 signal\u00e9s dans la R\u00e9gion du Sud-ouest. Au 6 f\u00e9vrier 2022, les diff\u00e9rents foyers de r\u00e9surgence de cette maladie hautement contagieuse se cristallisaient autour de 5 R\u00e9gions (le Sud-ouest, Littoral, Sud, Extr\u00eame-Nord, Centre) dont 4 actives, 18 districts de sant\u00e9, 1242 cas d\u00e9clar\u00e9s, et 35 d\u00e9c\u00e8s enregistr\u00e9s. Les R\u00e9gions du Sud-ouest et du Littoral affichaient le plus grand nombre de cas et de d\u00e9c\u00e8s. Les r\u00e9sultats de la surveillance \u00e9pid\u00e9miologique ont d\u00e9bouch\u00e9, en janvier 2022, \u00e0 la d\u00e9tection des premiers cas suspects dans la localit\u00e9 de Tiko, dans le Sud-ouest Cameroun et \u00e0 Melong, petite bourgade du D\u00e9partement du Moungo, R\u00e9gion du Littoral.<\/p>\n<p><strong>Lire aussi : <a href=\"https:\/\/ecomatin.net\/planification-les-hypotheques-qui-menacent-le-succes-de-la-snd30\/\">Planification : les hypoth\u00e8ques qui menacent le succ\u00e8s de la SND30<\/a><\/strong><\/p>\n<p>Rendu au 17 f\u00e9vrier 2022, le compteur des cas affiche officiellement 1055 cas de personnes atteintes par le vibrion chol\u00e9rique. La R\u00e9gion du Sud-ouest demeure l\u2019\u00e9picentre de la contamination avec 1055 cas d\u00e9clar\u00e9s. Talonn\u00e9e par la R\u00e9gion du Littoral: 77 cas, le Sud: 52 cas, l\u2019Extr\u00eame-Nord: 8 cas etc\u2026.\u00abla situation peut rapidement \u00e9voluer compte tenu de la propagation rapide de la maladie et la n\u00e9gligence dont fait montre certaines populations dans le respect des r\u00e8gles d\u2019hygi\u00e8ne de base\u00bb, pr\u00e9vient un personnel sanitaire du District de sant\u00e9 du Littoral.\u00a0<\/p>\n<p>Il est \u00e0 relever que c\u2019est en octobre 2021 que le chol\u00e9ra est r\u00e9apparu au Cameroun. Le 27 octobre 2021, les autorit\u00e9s sanitaires d\u00e9claraient 102 cas d\u2019infection et 32 d\u00e9c\u00e8s.\u00a0\u00abNous devons respecter les r\u00e8gles d\u2019hygi\u00e8ne. Donc il faut r\u00e9guli\u00e8rement se laver les mains \u00e0 l\u2019eau propre et au savon avant de manger et apr\u00e8s avoir \u00e9t\u00e9 aux toilettes.\u00a0 Il faut consommer une eau potable ou probabilis\u00e9e \u00a0par les diverses m\u00e9thodes de potabilisation de l\u2019eau (filtrer, javelliser ou bouillir). Il faut consommer des aliments bien cuits. Et surtout en cas de sympt\u00f4mes de chol\u00e9ra, diarrh\u00e9e ou de vomissement, rapidement se rendre dans la formation sanitaire la plus proche. En cas d\u2019indisponibilit\u00e9 de l\u2019eau potable, un d\u00e9sinfectant contenant au moins 60% d\u2019alcool peut \u00eatre utilis\u00e9 pour d\u00e9sinfecter les mains\u00bb, r\u00e9it\u00e8re le Dr. Linda Esso,\u00a0le Sous-directeur de la lutte contre les \u00e9pid\u00e9mies et les pand\u00e9mies au minist\u00e8re de la Sant\u00e9 publique.<\/p>\n<p><strong>Lire aussi : <a href=\"https:\/\/ecomatin.net\/eau-et-assainissementt-le-calvaire-dess-populationss-de-lest\/\">Eau et assainissement : le calvaire des populations de l\u2019Est<\/a><\/strong><\/p>\n<p>Encore appel\u00e9 \u00abmaladie de la salet\u00e9 \u00bb ou \u00abinfection du p\u00e9ril f\u00e9cal \u00bb, le chol\u00e9ra se manifeste par des vomissements, une diarrh\u00e9e liquide, une soif constante, des crampes musculaires, une d\u00e9shydratation s\u00e9v\u00e8re et m\u00eame l\u2019insuffisance r\u00e9nale. D\u2019apr\u00e8s les sp\u00e9cialistes de la sant\u00e9, la pathologie tr\u00e8s contagieuse, se transmet par deux principaux vecteurs: les aliments et par l\u2019eau. Relevons que le chol\u00e9ra appara\u00eet de fa\u00e7on end\u00e9mique au Cameroun. Au Minist\u00e8re de la sant\u00e9, on annonce le lancement d\u2019une vaste campagne de vaccination sur l\u2019ensemble du territoire national. Conform\u00e9ment aux usages, deux doses seront administr\u00e9es par voie orale \u00e0 1 semaine d\u2019intervalle pour les adultes et enfants de plus de 6 ans. Trois doses seront, par ailleurs, n\u00e9cessaires pour les enfants entre 2 et 6 ans. Un rappel \u00e0 2 ans, est pr\u00e9vu, si besoin pour les adultes, et \u00e0 6 mois pour les enfants entre 2 et 6 ans.<\/p>\n<p>L\u2019article <a rel=\"nofollow\" href=\"https:\/\/ecomatin.net\/pour-stopper-la-propagation-du-cholera-le-gouvernement-envisage-une-campagne-de-vaccination\/\">Pour stopper la propagation du chol\u00e9ra, le gouvernement envisage une campagne de vaccination<\/a> est apparu en premier sur <a rel=\"nofollow\" href=\"https:\/\/ecomatin.net\/\">EcoMatin<\/a>.<\/p>\n<\/div>\n<p>Auteur: Georges Semey<br \/>\n<a href=\"https:\/\/ecomatin.net\/pour-stopper-la-propagation-du-cholera-le-gouvernement-envisage-une-campagne-de-vaccination\/\">Cliquez ici pour lire l&rsquo;article depuis sa source.<\/a><\/p>\n","protected":false},"excerpt":{"rendered":"<p>L\u2019alerte a \u00e9t\u00e9 donn\u00e9e par le Ministre de la sant\u00e9 ce 6 f\u00e9vrier 2022. Manaouda Malachie r\u00e9percutait ainsi les chiffres du chol\u00e9ra dont les premiers cas ont \u00e9t\u00e9 signal\u00e9s dans la R\u00e9gion du Sud-ouest. Au 6 f\u00e9vrier 2022, les diff\u00e9rents foyers de r\u00e9surgence de cette maladie hautement contagieuse se cristallisaient autour de 5 R\u00e9gions (le [&hellip;]<\/p>\n","protected":false},"author":1969,"featured_media":0,"comment_status":"closed","ping_status":"closed","sticky":false,"template":"","format":"standard","meta":{"fifu_image_url":"","fifu_image_alt":"","footnotes":""},"categories":[82,78],"tags":[],"class_list":["post-141225","post","type-post","status-publish","format-standard","hentry","category-cameroun","category-economie"],"_links":{"self":[{"href":"https:\/\/linitiative.ca\/International\/wp-json\/wp\/v2\/posts\/141225","targetHints":{"allow":["GET"]}}],"collection":[{"href":"https:\/\/linitiative.ca\/International\/wp-json\/wp\/v2\/posts"}],"about":[{"href":"https:\/\/linitiative.ca\/International\/wp-json\/wp\/v2\/types\/post"}],"author":[{"embeddable":true,"href":"https:\/\/linitiative.ca\/International\/wp-json\/wp\/v2\/users\/1969"}],"replies":[{"embeddable":true,"href":"https:\/\/linitiative.ca\/International\/wp-json\/wp\/v2\/comments?post=141225"}],"version-history":[{"count":0,"href":"https:\/\/linitiative.ca\/International\/wp-json\/wp\/v2\/posts\/141225\/revisions"}],"wp:attachment":[{"href":"https:\/\/linitiative.ca\/International\/wp-json\/wp\/v2\/media?parent=141225"}],"wp:term":[{"taxonomy":"category","embeddable":true,"href":"https:\/\/linitiative.ca\/International\/wp-json\/wp\/v2\/categories?post=141225"},{"taxonomy":"post_tag","embeddable":true,"href":"https:\/\/linitiative.ca\/International\/wp-json\/wp\/v2\/tags?post=141225"}],"curies":[{"name":"wp","href":"https:\/\/api.w.org\/{rel}","templated":true}]}}