{"id":141228,"date":"2022-02-19T09:30:51","date_gmt":"2022-02-19T14:30:51","guid":{"rendered":"https:\/\/linitiative.ca\/International\/lartiste-peintre-hossein-tallal-nest-plus\/"},"modified":"2022-02-19T09:30:51","modified_gmt":"2022-02-19T14:30:51","slug":"lartiste-peintre-hossein-tallal-nest-plus","status":"publish","type":"post","link":"https:\/\/linitiative.ca\/International\/lartiste-peintre-hossein-tallal-nest-plus\/","title":{"rendered":"L\u2019artiste peintre Hossein Tallal n\u2019est plus"},"content":{"rendered":"<div>\n<p><img loading=\"lazy\" decoding=\"async\" width=\"300\" height=\"153\" src=\"https:\/\/linitiative.ca\/International\/wp-content\/uploads\/sites\/23\/2022\/02\/Hossein-Tallal-artiste-peintre-300x153-1.jpg\" class=\"attachment-medium size-medium wp-post-image\" alt=\"\" srcset=\"https:\/\/linitiative.ca\/International\/wp-content\/uploads\/sites\/23\/2022\/02\/Hossein-Tallal-artiste-peintre-300x153-1.jpg 300w, https:\/\/aujourdhui.ma\/wp-content\/uploads\/2018\/02\/Hossein-Tallal-artiste-peintre.jpg 746w\" sizes=\"auto, (max-width: 300px) 100vw, 300px\"><\/p>\n<p><span style=\"color: #800000;\"><strong>L\u2019artiste peintre Hussein Tallal est d\u00e9c\u00e9d\u00e9, samedi \u00e0 Casablanca, \u00e0 l\u2019\u00e2ge de 80 ans, a annonc\u00e9 la Fondation Nationale des mus\u00e9es.<\/strong><\/span><span id=\"more-400319\"><\/span><\/p>\n<p>Dans un communiqu\u00e9, la Fondation affirme avoir \u00ab\u00a0appris ce matin, avec une grande tristesse, le d\u00e9c\u00e8s de l\u2019artiste Hossein Tallal et pr\u00e9sente ses sinc\u00e8res condol\u00e9ances \u00e0 la famille du d\u00e9funt et \u00e0 ses proches\u00a0\u00bb.<\/p>\n<p>Hossein Tallal \u00e9tait une grande figure de la peinture marocaine contemporaine, un peintre accompli par la touche, le travail plastique mais aussi la pertinence du regard et la signification qui se d\u00e9gage de ses \u0153uvres, ajoute la FNM.<\/p>\n<p>N\u00e9 en 1942 \u00e0 Chtouka (province d\u2019El Jadida), feu Hussein Talal, \u00e9tait le fils de l\u2019une des figures de proue de l\u2019art contemporain marocain, feue Cha\u00efbia Talal.<\/p>\n<p>Le d\u00e9funt a particip\u00e9 \u00e0 de nombreuses expositions \u00e0 travers le monde. Depuis 1967, il a expos\u00e9 \u00e0 la galerie la Roue \u00e0 Paris et au Salon de Mai au Mus\u00e9e d\u2019Arts Moderne de Paris en 1974. Il compte \u00e0 son actif plusieurs expositions notamment en Espagne, au Danemark, en Am\u00e9rique et en \u00c9gypte<\/p>\n<p>Le regrett\u00e9 est consid\u00e9r\u00e9 comme l\u2019un des plus grands artistes plasticiens marocains comme en t\u00e9moignent de nombreuses \u00e9tudes et articles critiques qui traitaient de son exp\u00e9rience artistique et c\u00e9l\u00e9braient son parcours comme \u00ab\u00a0l\u2019un des symboles de l\u2019art marocain contemporain\u00a0\u00bb.<\/p>\n<\/div>\n<p>Auteur: ALM<br \/>\n<a href=\"https:\/\/aujourdhui.ma\/culture\/lartiste-peintre-hossein-tallal-nest-plus\">Cliquez ici pour lire l&rsquo;article depuis sa source.<\/a><\/p>\n","protected":false},"excerpt":{"rendered":"<p>L\u2019artiste peintre Hussein Tallal est d\u00e9c\u00e9d\u00e9, samedi \u00e0 Casablanca, \u00e0 l\u2019\u00e2ge de 80 ans, a annonc\u00e9 la Fondation Nationale des mus\u00e9es. Dans un communiqu\u00e9, la Fondation affirme avoir \u00ab\u00a0appris ce matin, avec une grande tristesse, le d\u00e9c\u00e8s de l\u2019artiste Hossein Tallal et pr\u00e9sente ses sinc\u00e8res condol\u00e9ances \u00e0 la famille du d\u00e9funt et \u00e0 ses proches\u00a0\u00bb. [&hellip;]<\/p>\n","protected":false},"author":1759,"featured_media":0,"comment_status":"closed","ping_status":"closed","sticky":false,"template":"","format":"standard","meta":{"fifu_image_url":"https:\/\/aujourdhui.ma\/wp-content\/uploads\/2018\/02\/Hossein-Tallal-artiste-peintre-300x153.jpg","fifu_image_alt":"L\u2019artiste peintre Hossein Tallal n\u2019est plus","footnotes":""},"categories":[73,54],"tags":[],"class_list":["post-141228","post","type-post","status-publish","format-standard","hentry","category-actualite","category-maroc"],"_links":{"self":[{"href":"https:\/\/linitiative.ca\/International\/wp-json\/wp\/v2\/posts\/141228","targetHints":{"allow":["GET"]}}],"collection":[{"href":"https:\/\/linitiative.ca\/International\/wp-json\/wp\/v2\/posts"}],"about":[{"href":"https:\/\/linitiative.ca\/International\/wp-json\/wp\/v2\/types\/post"}],"author":[{"embeddable":true,"href":"https:\/\/linitiative.ca\/International\/wp-json\/wp\/v2\/users\/1759"}],"replies":[{"embeddable":true,"href":"https:\/\/linitiative.ca\/International\/wp-json\/wp\/v2\/comments?post=141228"}],"version-history":[{"count":0,"href":"https:\/\/linitiative.ca\/International\/wp-json\/wp\/v2\/posts\/141228\/revisions"}],"wp:attachment":[{"href":"https:\/\/linitiative.ca\/International\/wp-json\/wp\/v2\/media?parent=141228"}],"wp:term":[{"taxonomy":"category","embeddable":true,"href":"https:\/\/linitiative.ca\/International\/wp-json\/wp\/v2\/categories?post=141228"},{"taxonomy":"post_tag","embeddable":true,"href":"https:\/\/linitiative.ca\/International\/wp-json\/wp\/v2\/tags?post=141228"}],"curies":[{"name":"wp","href":"https:\/\/api.w.org\/{rel}","templated":true}]}}