{"id":141236,"date":"2022-02-19T10:45:37","date_gmt":"2022-02-19T15:45:37","guid":{"rendered":"https:\/\/linitiative.ca\/International\/huit-morts-et-quatre-blesses-dans-un-accident-de-la-circulation-a-dakhla\/"},"modified":"2022-02-19T10:45:37","modified_gmt":"2022-02-19T15:45:37","slug":"huit-morts-et-quatre-blesses-dans-un-accident-de-la-circulation-a-dakhla","status":"publish","type":"post","link":"https:\/\/linitiative.ca\/International\/huit-morts-et-quatre-blesses-dans-un-accident-de-la-circulation-a-dakhla\/","title":{"rendered":"Huit morts et quatre bless\u00e9s dans un accident de la circulation \u00e0 Dakhla"},"content":{"rendered":"<div>\n<p><img loading=\"lazy\" decoding=\"async\" width=\"300\" height=\"153\" src=\"https:\/\/linitiative.ca\/International\/wp-content\/uploads\/sites\/23\/2022\/02\/Huit-morts-et-quatre-blesses-dans-un-accident-de-la-circulation-a-Dakhla-300x153-1.jpg\" class=\"attachment-medium size-medium wp-post-image\" alt=\"\" srcset=\"https:\/\/linitiative.ca\/International\/wp-content\/uploads\/sites\/23\/2022\/02\/Huit-morts-et-quatre-blesses-dans-un-accident-de-la-circulation-a-Dakhla-300x153-1.jpg 300w, https:\/\/aujourdhui.ma\/wp-content\/uploads\/2022\/02\/Huit-morts-et-quatre-blesses-dans-un-accident-de-la-circulation-a-Dakhla-274x140.jpg 274w, https:\/\/aujourdhui.ma\/wp-content\/uploads\/2022\/02\/Huit-morts-et-quatre-blesses-dans-un-accident-de-la-circulation-a-Dakhla.jpg 746w, https:\/\/aujourdhui.ma\/wp-content\/uploads\/2022\/02\/Huit-morts-et-quatre-blesses-dans-un-accident-de-la-circulation-a-Dakhla-165x84.jpg 165w, https:\/\/aujourdhui.ma\/wp-content\/uploads\/2022\/02\/Huit-morts-et-quatre-blesses-dans-un-accident-de-la-circulation-a-Dakhla-702x358.jpg 702w\" sizes=\"auto, (max-width: 300px) 100vw, 300px\"><\/p>\n<p><strong>Huit personnes membres d\u2019une m\u00eame famille ont trouv\u00e9 la mort et quatre autres gri\u00e8vement bless\u00e9es, dans un accident de la circulation survenu vendredi soir \u00e0 Dakhla.<\/strong><span id=\"more-400328\"><\/span><\/p>\n<p>\u00a0<\/p>\n<p>L\u2019accident, qui s\u2019est produit \u00e0 la suite d\u2019une collision entre un v\u00e9hicule l\u00e9ger et un v\u00e9hicule 4*4 dans le p\u00e9rim\u00e8tre urbain, est d\u00fb \u00e0 l\u2019exc\u00e8s de vitesse, a indiqu\u00e9 une source m\u00e9dicale dans une d\u00e9claration \u00e0 la presse.<\/p>\n<p>\u00a0<\/p>\n<p>Les huit victimes, tous passagers du v\u00e9hicule l\u00e9ger, dont des femmes et des mineurs ont trouv\u00e9 la mort sur le coup, a pr\u00e9cis\u00e9 la m\u00eame source.<\/p>\n<p>\u00a0<\/p>\n<p>Les quatre bless\u00e9s ont \u00e9t\u00e9 \u00e9vacu\u00e9s d\u2019urgence vers l\u2019h\u00f4pital r\u00e9gional Hassan II de Dakhla pour recevoir les soins n\u00e9cessaires, tandis que les d\u00e9pouilles ont \u00e9t\u00e9 transf\u00e9r\u00e9es \u00e0 la morgue de cet \u00e9tablissement de sant\u00e9.<\/p>\n<\/div>\n<p>Auteur: ALM<br \/>\n<a href=\"https:\/\/aujourdhui.ma\/actualite\/huit-morts-et-quatre-blesses-dans-un-accident-de-la-circulation-a-dakhla\">Cliquez ici pour lire l&rsquo;article depuis sa source.<\/a><\/p>\n","protected":false},"excerpt":{"rendered":"<p>Huit personnes membres d\u2019une m\u00eame famille ont trouv\u00e9 la mort et quatre autres gri\u00e8vement bless\u00e9es, dans un accident de la circulation survenu vendredi soir \u00e0 Dakhla. \u00a0 L\u2019accident, qui s\u2019est produit \u00e0 la suite d\u2019une collision entre un v\u00e9hicule l\u00e9ger et un v\u00e9hicule 4*4 dans le p\u00e9rim\u00e8tre urbain, est d\u00fb \u00e0 l\u2019exc\u00e8s de vitesse, a [&hellip;]<\/p>\n","protected":false},"author":1759,"featured_media":0,"comment_status":"closed","ping_status":"closed","sticky":false,"template":"","format":"standard","meta":{"fifu_image_url":"https:\/\/aujourdhui.ma\/wp-content\/uploads\/2022\/02\/Huit-morts-et-quatre-blesses-dans-un-accident-de-la-circulation-a-Dakhla-300x153.jpg","fifu_image_alt":"Huit morts et quatre bless\u00e9s dans un accident de la circulation \u00e0 Dakhla","footnotes":""},"categories":[73,54],"tags":[],"class_list":["post-141236","post","type-post","status-publish","format-standard","hentry","category-actualite","category-maroc"],"_links":{"self":[{"href":"https:\/\/linitiative.ca\/International\/wp-json\/wp\/v2\/posts\/141236","targetHints":{"allow":["GET"]}}],"collection":[{"href":"https:\/\/linitiative.ca\/International\/wp-json\/wp\/v2\/posts"}],"about":[{"href":"https:\/\/linitiative.ca\/International\/wp-json\/wp\/v2\/types\/post"}],"author":[{"embeddable":true,"href":"https:\/\/linitiative.ca\/International\/wp-json\/wp\/v2\/users\/1759"}],"replies":[{"embeddable":true,"href":"https:\/\/linitiative.ca\/International\/wp-json\/wp\/v2\/comments?post=141236"}],"version-history":[{"count":0,"href":"https:\/\/linitiative.ca\/International\/wp-json\/wp\/v2\/posts\/141236\/revisions"}],"wp:attachment":[{"href":"https:\/\/linitiative.ca\/International\/wp-json\/wp\/v2\/media?parent=141236"}],"wp:term":[{"taxonomy":"category","embeddable":true,"href":"https:\/\/linitiative.ca\/International\/wp-json\/wp\/v2\/categories?post=141236"},{"taxonomy":"post_tag","embeddable":true,"href":"https:\/\/linitiative.ca\/International\/wp-json\/wp\/v2\/tags?post=141236"}],"curies":[{"name":"wp","href":"https:\/\/api.w.org\/{rel}","templated":true}]}}