{"id":141238,"date":"2022-02-19T10:45:51","date_gmt":"2022-02-19T15:45:51","guid":{"rendered":"https:\/\/linitiative.ca\/International\/permis-de-conduire-les-principaux-changements\/"},"modified":"2022-02-19T10:45:51","modified_gmt":"2022-02-19T15:45:51","slug":"permis-de-conduire-les-principaux-changements","status":"publish","type":"post","link":"https:\/\/linitiative.ca\/International\/permis-de-conduire-les-principaux-changements\/","title":{"rendered":"Permis de conduire :  Les principaux changements"},"content":{"rendered":"<div>\n<p><img loading=\"lazy\" decoding=\"async\" width=\"300\" height=\"153\" src=\"https:\/\/linitiative.ca\/International\/wp-content\/uploads\/sites\/23\/2022\/02\/Permis-de-conduire-300x153-1.jpg\" class=\"attachment-medium size-medium wp-post-image\" alt=\"\" srcset=\"https:\/\/linitiative.ca\/International\/wp-content\/uploads\/sites\/23\/2022\/02\/Permis-de-conduire-300x153-1.jpg 300w, https:\/\/aujourdhui.ma\/wp-content\/uploads\/2022\/02\/Permis-de-conduire-274x140.jpg 274w, https:\/\/aujourdhui.ma\/wp-content\/uploads\/2022\/02\/Permis-de-conduire.jpg 746w, https:\/\/aujourdhui.ma\/wp-content\/uploads\/2022\/02\/Permis-de-conduire-165x84.jpg 165w, https:\/\/aujourdhui.ma\/wp-content\/uploads\/2022\/02\/Permis-de-conduire-702x358.jpg 702w\" sizes=\"auto, (max-width: 300px) 100vw, 300px\"><\/p>\n<p><span style=\"color: #800000; font-size: 18px;\"><strong>Les \u00e9preuves pratiques seront digitalis\u00e9es<\/strong><\/span><span id=\"more-400289\"><\/span><\/p>\n<p>Des changements auront lieu cette ann\u00e9e concernant l\u2019obtention du permis de conduire. Les \u00e9preuves pratiques seront d\u00e9sormais digitalis\u00e9es. En effet, l\u2019Agence nationale de la s\u00e9curit\u00e9 routi\u00e8re (NARSA) s\u2019appr\u00eate \u00e0 introduire, en collaboration avec la Fondation des auto-\u00e9coles du Maroc, de profonds changements dans le processus du d\u00e9roulement et de l\u2019obtention du permis de conduire. Pour le volet th\u00e9orique, la \u00abbanque\u00bb de questions atteindra 1.000 au lieu des 600 actuelles. Les \u00e9preuves pratiques seront donc effectu\u00e9es \u00e0 l\u2019aide d\u2019un v\u00e9hicule intelligent qui interagit avec son environnement. Il faut rappeler \u00e0 ce sujet qu\u2019un accord de partenariat de coop\u00e9ration avait \u00e9t\u00e9 sign\u00e9 en juin 2021 entre la NARSA et l\u2019Universit\u00e9 Mohammed VI polytechnique de Benguerir en vue de digitaliser les \u00e9preuves pratiques pour l\u2019obtention des permis de conduire.<\/p>\n<p>Cet accord vise ainsi \u00e0 booster le niveau des formations dispens\u00e9es par les auto-\u00e9coles et garantir une \u00e9valuation objective, transparente et \u00e9quitable de l\u2019acquisition des connaissances et des comp\u00e9tences par les conducteurs novices. Ainsi, l\u2019implication de l\u2019\u00e9l\u00e9ment humain sera limit\u00e9e et r\u00e9duite au contr\u00f4le de l\u2019op\u00e9ration afin de garantir une \u00e9valuation objective, transparente et \u00e9quitable de l\u2019acquisition des connaissances et des comp\u00e9tences par les candidats. Ainsi, dans le cadre du nouveau syst\u00e8me des examens pratiques, toutes les op\u00e9rations de terrain seront r\u00e9alis\u00e9es \u00e0 l\u2019aide de machines et donc l\u2019implication de l\u2019\u00e9l\u00e9ment humain dans l\u2019\u00e9valuation objective du candidat sera limit\u00e9e. Ce nouveau m\u00e9canisme assure un processus de tra\u00e7abilit\u00e9 et de transparence. A noter que ce processus n\u2019occasionnera pas de changements au niveau de la moyenne exig\u00e9e pour r\u00e9ussir l\u2019examen th\u00e9orique, \u00e0 savoir 32\/40, ni d\u2019augmentation de la tarification de l\u2019inscription, qui est de l\u2019ordre de 3.500 dirhams. Ce projet permettra d\u2019am\u00e9liorer la comp\u00e9tence des nouveaux conducteurs en conduite et de fiabiliser le permis de conduire aux niveaux national et international.<\/p>\n<p><strong>D\u00e9mat\u00e9rialisation du certificat m\u00e9dical<\/strong><\/p>\n<p>La NARSA compte d\u00e9mat\u00e9rialiser la proc\u00e9dure de d\u00e9livrance du certificat d\u2019aptitude physique et mentale du permis de conduire. Pour cela, l\u2019Agence a lanc\u00e9 un appel d\u2019offres afin de mettre en place un syst\u00e8me de gestion informatis\u00e9 de la d\u00e9livrance du certificat d\u2019aptitude physique et mental du permis de conduire, de mani\u00e8re \u00e0 coordonner l\u2019action de tous les acteurs, au niveau du minist\u00e8re de la sant\u00e9 et de la protection sociale, de la NARSA et des m\u00e9decins agr\u00e9\u00e9s en vue de supporter les gestionnaires dans le traitement op\u00e9rationnel des dossiers. Ce projet de d\u00e9mat\u00e9rialisation concerne principalement le processus de d\u00e9livrance de la visite m\u00e9dicale d\u2019aptitude physique et mentale \u00e0 la conduite qui, rappelons-le, doit \u00eatre effectu\u00e9e par un m\u00e9decin agr\u00e9\u00e9 \u00e0 cet effet. L\u2019importance de ce projet r\u00e9side dans le suivi d\u2019\u00e9valuation de l\u2019\u00e9tat de sant\u00e9 des conducteurs que ce soit pour les candidats \u00e0 l\u2019examen de permis de conduire, les conducteurs \u00e2g\u00e9s de 65 ans et plus ou les conducteurs professionnels.<\/p>\n<p>Il permettra l\u2019am\u00e9lioration et l\u2019efficacit\u00e9 de la gouvernance des certificats m\u00e9dicaux d\u2019aptitude \u00e0 la conduite d\u2019un v\u00e9hicule, explique la NARSA soulignant que \u00abla d\u00e9mat\u00e9rialisation de ce processus doit se faire en assurant la communication et l\u2019interfa\u00e7age entre l\u2019ensemble des syst\u00e8mes d\u2019information \u00e9ventuels existants au niveau de la NARSA et les structures provinciales et r\u00e9gionales du minist\u00e8re de la sant\u00e9 et de la protection sociale\u00bb. Ce projet a \u00e9galement pour finalit\u00e9 de s\u00e9curiser le processus de la d\u00e9livrance du certificat m\u00e9dical dans les cas de visite ou contrevisite m\u00e9dicale. Le p\u00e9rim\u00e8tre de d\u00e9mat\u00e9rialisation de la proc\u00e9dure de d\u00e9livrance du certificat m\u00e9dical couvre la visite m\u00e9dicale pr\u00e9alable, \u00e0 subir pour le passage des \u00e9preuves d\u2019examen pour l\u2019obtention d\u2019un permis de conduire, la visite m\u00e9dicale pour l\u2019obtention d\u2019un duplicata ou d\u2019un \u00e9change du permis de conduire, la visite m\u00e9dicale pour le maintien du droit de conduire des titulaires de permis de conduire \u00e2g\u00e9s de plus de 65 ans, la visite m\u00e9dicale pour le maintien du droit de conduire des titulaires de permis de conduire des cat\u00e9gories \u00abB\u00bb et \u00abE\u00bb (B); \u00abC\u00bb, et \u00abE(C)\u00bb ; \u00abD\u00bb et \u00abE(D)\u00bb, lors de la conduite de v\u00e9hicules affect\u00e9s au transport de marchandises ou de transport en commun de personnes conforme \u00e0 ces cat\u00e9gories ainsi que la contrevisite m\u00e9dicale.<\/p>\n<\/div>\n<p>Auteur: Laila Zerrour<br \/>\n<a href=\"https:\/\/aujourdhui.ma\/societe\/permis-de-conduire-les-principaux-changements\">Cliquez ici pour lire l&rsquo;article depuis sa source.<\/a><\/p>\n","protected":false},"excerpt":{"rendered":"<p>Les \u00e9preuves pratiques seront digitalis\u00e9es Des changements auront lieu cette ann\u00e9e concernant l\u2019obtention du permis de conduire. Les \u00e9preuves pratiques seront d\u00e9sormais digitalis\u00e9es. En effet, l\u2019Agence nationale de la s\u00e9curit\u00e9 routi\u00e8re (NARSA) s\u2019appr\u00eate \u00e0 introduire, en collaboration avec la Fondation des auto-\u00e9coles du Maroc, de profonds changements dans le processus du d\u00e9roulement et de l\u2019obtention [&hellip;]<\/p>\n","protected":false},"author":1759,"featured_media":0,"comment_status":"closed","ping_status":"closed","sticky":false,"template":"","format":"standard","meta":{"fifu_image_url":"https:\/\/aujourdhui.ma\/wp-content\/uploads\/2022\/02\/Permis-de-conduire-300x153.jpg","fifu_image_alt":"Permis de conduire :  Les principaux changements","footnotes":""},"categories":[73,54],"tags":[],"class_list":["post-141238","post","type-post","status-publish","format-standard","hentry","category-actualite","category-maroc"],"_links":{"self":[{"href":"https:\/\/linitiative.ca\/International\/wp-json\/wp\/v2\/posts\/141238","targetHints":{"allow":["GET"]}}],"collection":[{"href":"https:\/\/linitiative.ca\/International\/wp-json\/wp\/v2\/posts"}],"about":[{"href":"https:\/\/linitiative.ca\/International\/wp-json\/wp\/v2\/types\/post"}],"author":[{"embeddable":true,"href":"https:\/\/linitiative.ca\/International\/wp-json\/wp\/v2\/users\/1759"}],"replies":[{"embeddable":true,"href":"https:\/\/linitiative.ca\/International\/wp-json\/wp\/v2\/comments?post=141238"}],"version-history":[{"count":0,"href":"https:\/\/linitiative.ca\/International\/wp-json\/wp\/v2\/posts\/141238\/revisions"}],"wp:attachment":[{"href":"https:\/\/linitiative.ca\/International\/wp-json\/wp\/v2\/media?parent=141238"}],"wp:term":[{"taxonomy":"category","embeddable":true,"href":"https:\/\/linitiative.ca\/International\/wp-json\/wp\/v2\/categories?post=141238"},{"taxonomy":"post_tag","embeddable":true,"href":"https:\/\/linitiative.ca\/International\/wp-json\/wp\/v2\/tags?post=141238"}],"curies":[{"name":"wp","href":"https:\/\/api.w.org\/{rel}","templated":true}]}}