{"id":141241,"date":"2022-02-19T06:42:41","date_gmt":"2022-02-19T11:42:41","guid":{"rendered":"https:\/\/linitiative.ca\/International\/previsions-meteorologiques-du-dimanche-20-fevrier-2022\/"},"modified":"2022-02-19T06:42:41","modified_gmt":"2022-02-19T11:42:41","slug":"previsions-meteorologiques-du-dimanche-20-fevrier-2022","status":"publish","type":"post","link":"https:\/\/linitiative.ca\/International\/previsions-meteorologiques-du-dimanche-20-fevrier-2022\/","title":{"rendered":"Pr\u00e9visions m\u00e9t\u00e9orologiques du dimanche 20 f\u00e9vrier 2022"},"content":{"rendered":"<div>\n<div style=\"margin-bottom:20px;\"><img loading=\"lazy\" decoding=\"async\" width=\"750\" height=\"430\" src=\"https:\/\/linitiative.ca\/International\/wp-content\/uploads\/sites\/23\/2022\/02\/soleil-2-2.jpg\" class=\"attachment-post-thumbnail size-post-thumbnail wp-post-image\" alt=\"\" srcset=\"https:\/\/linitiative.ca\/International\/wp-content\/uploads\/sites\/23\/2022\/02\/soleil-2-2.jpg 750w, https:\/\/www.mapmarrakech.ma\/map\/uploads\/2022\/02\/soleil-2-2-300x172.jpg 300w\" sizes=\"auto, (max-width: 750px) 100vw, 750px\"><\/div>\n<p>\u2013 Temps assez froid sur les reliefs et les hauts plateaux orientaux.<\/p>\n<p>\u2013 Faible pluie sur la rive m\u00e9diterran\u00e9enne.<\/p>\n<p>\u2013 Formations brumeuses sur l\u2019Oriental.<\/p>\n<p>\u2013 Rafales de vent assez fortes sur le Tang\u00e9rois.<\/p>\n<p>\u2013 Chasse-poussi\u00e8re sur les provinces sahariennes.<\/p>\n<p>\u2013 Temp\u00e9ratures minimales de l\u2019ordre de -04\/03\u00b0C sur l\u2019Atlas, 04\/09\u00b0C sur le Rif, l\u2019Oriental, le Saiss, les plateaux de phosphate et Oulmes, 12\/16\u00b0C sur les provinces sahariennes et de 08\/13\u00b0C partout ailleurs.<\/p>\n<p>\u2013 Temp\u00e9ratures du jour en baisse sur le sud et l\u2019oriental et en hausse ailleurs.<\/p>\n<p>\u2013 Mer peu agit\u00e9e \u00e0 agit\u00e9e sur la M\u00e9diterran\u00e9e et le D\u00e9troit, forte \u00e0 tr\u00e8s forte entre Rabat et Tarfaya et agit\u00e9e \u00e0 forte ailleurs.<\/p>\n<p>The post <a rel=\"nofollow\" href=\"https:\/\/www.mapmarrakech.ma\/fr\/previsions-meteorologiques-du-dimanche-20-fevrier-2022\/\">Pr\u00e9visions m\u00e9t\u00e9orologiques du dimanche 20 f\u00e9vrier 2022<\/a> appeared first on <a rel=\"nofollow\" href=\"https:\/\/www.mapmarrakech.ma\/fr\">MapMarrakech<\/a>.<\/p>\n<\/div>\n<p>Auteur: Meriem IGASS<br \/>\n<a href=\"https:\/\/www.mapmarrakech.ma\/fr\/previsions-meteorologiques-du-dimanche-20-fevrier-2022\/\">Cliquez ici pour lire l&rsquo;article depuis sa source.<\/a><\/p>\n","protected":false},"excerpt":{"rendered":"<p>\u2013 Temps assez froid sur les reliefs et les hauts plateaux orientaux. \u2013 Faible pluie sur la rive m\u00e9diterran\u00e9enne. \u2013 Formations brumeuses sur l\u2019Oriental. \u2013 Rafales de vent assez fortes sur le Tang\u00e9rois. \u2013 Chasse-poussi\u00e8re sur les provinces sahariennes. \u2013 Temp\u00e9ratures minimales de l\u2019ordre de -04\/03\u00b0C sur l\u2019Atlas, 04\/09\u00b0C sur le Rif, l\u2019Oriental, le Saiss, [&hellip;]<\/p>\n","protected":false},"author":1788,"featured_media":0,"comment_status":"closed","ping_status":"closed","sticky":false,"template":"","format":"standard","meta":{"fifu_image_url":"https:\/\/www.mapmarrakech.ma\/map\/uploads\/2022\/02\/soleil-2-2.jpg","fifu_image_alt":"Pr\u00e9visions m\u00e9t\u00e9orologiques du dimanche 20 f\u00e9vrier 2022","footnotes":""},"categories":[54,76],"tags":[],"class_list":["post-141241","post","type-post","status-publish","format-standard","hentry","category-maroc","category-regions"],"_links":{"self":[{"href":"https:\/\/linitiative.ca\/International\/wp-json\/wp\/v2\/posts\/141241","targetHints":{"allow":["GET"]}}],"collection":[{"href":"https:\/\/linitiative.ca\/International\/wp-json\/wp\/v2\/posts"}],"about":[{"href":"https:\/\/linitiative.ca\/International\/wp-json\/wp\/v2\/types\/post"}],"author":[{"embeddable":true,"href":"https:\/\/linitiative.ca\/International\/wp-json\/wp\/v2\/users\/1788"}],"replies":[{"embeddable":true,"href":"https:\/\/linitiative.ca\/International\/wp-json\/wp\/v2\/comments?post=141241"}],"version-history":[{"count":0,"href":"https:\/\/linitiative.ca\/International\/wp-json\/wp\/v2\/posts\/141241\/revisions"}],"wp:attachment":[{"href":"https:\/\/linitiative.ca\/International\/wp-json\/wp\/v2\/media?parent=141241"}],"wp:term":[{"taxonomy":"category","embeddable":true,"href":"https:\/\/linitiative.ca\/International\/wp-json\/wp\/v2\/categories?post=141241"},{"taxonomy":"post_tag","embeddable":true,"href":"https:\/\/linitiative.ca\/International\/wp-json\/wp\/v2\/tags?post=141241"}],"curies":[{"name":"wp","href":"https:\/\/api.w.org\/{rel}","templated":true}]}}