{"id":141243,"date":"2022-02-19T12:28:38","date_gmt":"2022-02-19T17:28:38","guid":{"rendered":"https:\/\/linitiative.ca\/International\/reunion-consacree-au-suivi-de-la-situation-hydrique\/"},"modified":"2022-02-19T12:28:38","modified_gmt":"2022-02-19T17:28:38","slug":"reunion-consacree-au-suivi-de-la-situation-hydrique","status":"publish","type":"post","link":"https:\/\/linitiative.ca\/International\/reunion-consacree-au-suivi-de-la-situation-hydrique\/","title":{"rendered":"R\u00e9union consacr\u00e9e au suivi de la situation hydrique"},"content":{"rendered":"<div>\n<div style=\"margin-bottom:20px;\"><img loading=\"lazy\" decoding=\"async\" width=\"750\" height=\"430\" src=\"https:\/\/linitiative.ca\/International\/wp-content\/uploads\/sites\/23\/2022\/02\/Barrages.jpg\" class=\"attachment-post-thumbnail size-post-thumbnail wp-post-image\" alt=\"\" srcset=\"https:\/\/linitiative.ca\/International\/wp-content\/uploads\/sites\/23\/2022\/02\/Barrages.jpg 750w, https:\/\/www.mapmarrakech.ma\/map\/uploads\/2021\/11\/Barrages-300x172.jpg 300w\" sizes=\"auto, (max-width: 750px) 100vw, 750px\"><\/div>\n<p>Pr\u00e9sid\u00e9e par le Wali de la r\u00e9gion Marrakech-Safi, gouverneur de la pr\u00e9fecture de Marrakech, M. Karim Kassi-Lahlou, cette r\u00e9union de travail s\u2019inscrit dans le cadre du suivi permanent de la situation hydrique et ses r\u00e9percussions, avec un focus sur le d\u00e9ficit enregistr\u00e9 en ce qui concerne les retenues des barrages.<\/p>\n<p>Intervenant \u00e0 cette occasion, M. Kassi-Lahlou a tenu \u00e0 rappeler les Hautes Instructions Royales relatives \u00e0 la gestion de la probl\u00e9matique de la p\u00e9nurie en eau et par l\u00e0, la n\u00e9cessit\u00e9 de promouvoir la veille et favoriser la rigueur n\u00e9cessaires pour faire face au d\u00e9ficit pluviom\u00e9trique.<\/p>\n<p>Cette situation, explique le wali de la r\u00e9gion Marrakech- Safi, requiert outre les mesures administratives, l\u2019adoption d\u2019une approche renouvel\u00e9e et novatrices, avec l\u2019implication effective et selon une d\u00e9marche participative, de l\u2019ensemble des services concern\u00e9s et les autres intervenants institutionnels, en plus du secteur priv\u00e9 et des organismes de recherche scientifique, sans omettre le r\u00f4le de taille du tissu associatif, dans le cadre du chantier d\u2019am\u00e9lioration de l\u2019adh\u00e9sion des grands consommateurs de ressources en eau et de l\u2019ensemble des citoyens.<\/p>\n<p>Par la m\u00eame occasion, l\u2019assistance a \u00e9t\u00e9 convi\u00e9e \u00e0 suivre un expos\u00e9 d\u00e9taill\u00e9 sur l\u2019\u00e9volution de la situation hydrologique au niveau de cette partie du territoire national.<\/p>\n<p>Apr\u00e8s examen du bilan des mesures prises en vue de la rationalisation de la consommation de l\u2019eau, les multiples intervenants ont mis l\u2019accent sur l\u2019imp\u00e9ratif pour l\u2019ensemble des services concern\u00e9s, de consentir davantage d\u2019efforts pour l\u2019acc\u00e9l\u00e9ration de la cadence des r\u00e9alisations et le parach\u00e8vement de l\u2019\u00e9laboration d\u2019une feuille de route relative au volet de l\u2019eau.<\/p>\n<p>Un effort parall\u00e8le doit \u00eatre d\u00e9ploy\u00e9 \u00e9galement en mati\u00e8re de communication en vue de garantir une mobilisation et une adh\u00e9sion collective.<\/p>\n<p>Le comit\u00e9 de veille a d\u00e9cid\u00e9, de m\u00eame, de la poursuite de ses r\u00e9unions de fa\u00e7on r\u00e9guli\u00e8re pour l\u2019examen des \u00e9volutions de la situation hydrique au niveau r\u00e9gional.<\/p>\n<p>Cette r\u00e9union s\u2019est d\u00e9roul\u00e9e en pr\u00e9sence, notamment du Secr\u00e9taire G\u00e9n\u00e9ral de la pr\u00e9fecture de Marrakech, du Secr\u00e9taire G\u00e9n\u00e9ral des Affaires R\u00e9gionales \u00e0 la Wilaya de Marrakech-Safi, le directeur r\u00e9gional d\u2019agriculture, la directrice g\u00e9n\u00e9rale de la R\u00e9gie Autonome de Distribution d\u2019Eau et d\u2019\u00c9lectricit\u00e9 de Marrakech (RADEEMA), le directeur r\u00e9gional de l\u2019Agence du Bassin\u00a0Hydraulique\u00a0de Tensift (ABHT), le chef de service eau \u00e0 la Direction de l\u2019\u00e9quipement et les chefs de services et divisions concern\u00e9s au niveau de la wilaya de la R\u00e9gion Marrakech-Safi.<\/p>\n<p>The post <a rel=\"nofollow\" href=\"https:\/\/www.mapmarrakech.ma\/fr\/reunion-consacree-au-suivi-de-la-situation-hydrique\/\">R\u00e9union consacr\u00e9e au suivi de la situation hydrique<\/a> appeared first on <a rel=\"nofollow\" href=\"https:\/\/www.mapmarrakech.ma\/fr\">MapMarrakech<\/a>.<\/p>\n<\/div>\n<p>Auteur: Meriem IGASS<br \/>\n<a href=\"https:\/\/www.mapmarrakech.ma\/fr\/reunion-consacree-au-suivi-de-la-situation-hydrique\/\">Cliquez ici pour lire l&rsquo;article depuis sa source.<\/a><\/p>\n","protected":false},"excerpt":{"rendered":"<p>Pr\u00e9sid\u00e9e par le Wali de la r\u00e9gion Marrakech-Safi, gouverneur de la pr\u00e9fecture de Marrakech, M. Karim Kassi-Lahlou, cette r\u00e9union de travail s\u2019inscrit dans le cadre du suivi permanent de la situation hydrique et ses r\u00e9percussions, avec un focus sur le d\u00e9ficit enregistr\u00e9 en ce qui concerne les retenues des barrages. Intervenant \u00e0 cette occasion, M. [&hellip;]<\/p>\n","protected":false},"author":1788,"featured_media":0,"comment_status":"closed","ping_status":"closed","sticky":false,"template":"","format":"standard","meta":{"fifu_image_url":"https:\/\/www.mapmarrakech.ma\/map\/uploads\/2021\/11\/Barrages.jpg","fifu_image_alt":"R\u00e9union consacr\u00e9e au suivi de la situation hydrique","footnotes":""},"categories":[54,76],"tags":[],"class_list":["post-141243","post","type-post","status-publish","format-standard","hentry","category-maroc","category-regions"],"_links":{"self":[{"href":"https:\/\/linitiative.ca\/International\/wp-json\/wp\/v2\/posts\/141243","targetHints":{"allow":["GET"]}}],"collection":[{"href":"https:\/\/linitiative.ca\/International\/wp-json\/wp\/v2\/posts"}],"about":[{"href":"https:\/\/linitiative.ca\/International\/wp-json\/wp\/v2\/types\/post"}],"author":[{"embeddable":true,"href":"https:\/\/linitiative.ca\/International\/wp-json\/wp\/v2\/users\/1788"}],"replies":[{"embeddable":true,"href":"https:\/\/linitiative.ca\/International\/wp-json\/wp\/v2\/comments?post=141243"}],"version-history":[{"count":0,"href":"https:\/\/linitiative.ca\/International\/wp-json\/wp\/v2\/posts\/141243\/revisions"}],"wp:attachment":[{"href":"https:\/\/linitiative.ca\/International\/wp-json\/wp\/v2\/media?parent=141243"}],"wp:term":[{"taxonomy":"category","embeddable":true,"href":"https:\/\/linitiative.ca\/International\/wp-json\/wp\/v2\/categories?post=141243"},{"taxonomy":"post_tag","embeddable":true,"href":"https:\/\/linitiative.ca\/International\/wp-json\/wp\/v2\/tags?post=141243"}],"curies":[{"name":"wp","href":"https:\/\/api.w.org\/{rel}","templated":true}]}}