{"id":141245,"date":"2022-02-19T14:16:58","date_gmt":"2022-02-19T19:16:58","guid":{"rendered":"https:\/\/linitiative.ca\/International\/la-fmpr-presente-a-oujda-ses-objectifs-et-sa-vision-pour-la-periode-a-venir\/"},"modified":"2022-02-19T14:16:58","modified_gmt":"2022-02-19T19:16:58","slug":"la-fmpr-presente-a-oujda-ses-objectifs-et-sa-vision-pour-la-periode-a-venir","status":"publish","type":"post","link":"https:\/\/linitiative.ca\/International\/la-fmpr-presente-a-oujda-ses-objectifs-et-sa-vision-pour-la-periode-a-venir\/","title":{"rendered":"La FMPR pr\u00e9sente \u00e0 Oujda ses objectifs et sa vision pour la p\u00e9riode \u00e0 venir"},"content":{"rendered":"<div>\n<div style=\"margin-bottom:20px;\"><img loading=\"lazy\" decoding=\"async\" width=\"750\" height=\"430\" src=\"https:\/\/linitiative.ca\/International\/wp-content\/uploads\/sites\/23\/2022\/02\/Logo-de-La-FC3A9dC3A9ration-marocaine-de-la-presse-rC3A9gionale-750C397430.jpg\" class=\"attachment-post-thumbnail size-post-thumbnail wp-post-image\" alt=\"\" srcset=\"https:\/\/linitiative.ca\/International\/wp-content\/uploads\/sites\/23\/2022\/02\/Logo-de-La-FC3A9dC3A9ration-marocaine-de-la-presse-rC3A9gionale-750C397430.jpg 750w, https:\/\/www.mapoujda.ma\/map\/uploads\/2022\/02\/Logo-de-La-F\u00e9d\u00e9ration-marocaine-de-la-presse-r\u00e9gionale-750\u00d7430-300x172.jpg 300w\" sizes=\"auto, (max-width: 750px) 100vw, 750px\"><\/div>\n<div>\n<p style=\"text-align: justify;\">La F\u00e9d\u00e9ration marocaine de la presse r\u00e9gionale (FMPR) a pr\u00e9sent\u00e9, samedi \u00e0 Oujda, ses objectifs et sa vision pour la p\u00e9riode \u00e0 venir, dans le but de contribuer \u00e0 la promotion de la presse r\u00e9gionale et au rayonnement de la r\u00e9gion de l\u2019Oriental.<\/p>\n<p style=\"text-align: justify;\">La vision d\u2019avenir de la FMPR a \u00e9t\u00e9 pr\u00e9sent\u00e9e lors d\u2019une rencontre avec la presse tenue au si\u00e8ge de la Chambre d\u2019artisanat de l\u2019Oriental \u00e0 l\u2019occasion du 14-\u00e8me anniversaire de la cr\u00e9ation de la Fondation.<\/p>\n<p style=\"text-align: justify;\">Cette rencontre intervient apr\u00e8s la tenue, r\u00e9cemment \u00e0 Oujda, d\u2019une assembl\u00e9e g\u00e9n\u00e9rale ordinaire de la FMPR, marqu\u00e9e par l\u2019\u00e9lection d\u2019un nouveau bureau dirigeant, qui aura pour mission de restructurer et redynamiser cette organisation fond\u00e9e en 2008 au service du d\u00e9veloppement de la presse r\u00e9gionale.<\/p>\n<p style=\"text-align: justify;\">Le pr\u00e9sident de la FMPR, Mohamed El Herd, et le pr\u00e9sident d\u00e9l\u00e9gu\u00e9, El Mustapha Raji, ont pr\u00e9sent\u00e9, \u00e0 cette occasion, les grandes lignes du programme d\u2019action de la F\u00e9d\u00e9ration, dont l\u2019organisation du premier Forum euro-m\u00e9diterran\u00e9en sur l\u2019information r\u00e9gionale, qui doit se tenir dans la ville d\u2019Oujda avec la participation de plusieurs pays du pourtour m\u00e9diterran\u00e9en.<\/p>\n<p style=\"text-align: justify;\">La FMPR entend, \u00e9galement, relancer le projet d\u2019une \u00abmaison de la presse\u00bb \u00e0 Oujda, d\u00e9di\u00e9e particuli\u00e8rement \u00e0 la presse r\u00e9gionale, et rendre hommage \u00e0 la m\u00e9moire de certains grands noms de la presse de la r\u00e9gion, en oeuvrant pour que certaines avenues et rues de la Capitale de l\u2019Oriental soient baptis\u00e9es en leurs noms.<\/p>\n<p style=\"text-align: justify;\">Conclure des partenariats avec des conseils \u00e9lus, des organisations syndicales, professionnelles et des droits de l\u2019Homme, des agences de d\u00e9veloppement et d\u2019autres partenaires publics et priv\u00e9s, au Maroc et \u00e0 l\u2019\u00e9tranger, et organiser des sessions de formation, au Maroc et \u00e0 l\u2019\u00e9tranger, au profit des journalistes de la presse r\u00e9gionale, figurent parmi les objectifs de la F\u00e9d\u00e9ration, qui pr\u00e9voit \u00e9galement la contribution \u00e0 la promotion du tourisme au Maroc en g\u00e9n\u00e9ral et dans la r\u00e9gion de l\u2019Oriental en particulier, le respect de la d\u00e9ontologie de la profession et le soutien social pour certains journalistes de la presse r\u00e9gionale.<\/p>\n<p style=\"text-align: justify;\">Cette rencontre s\u2019est tenue en pr\u00e9sence notamment du pr\u00e9sident de la Chambre d\u2019artisanat de l\u2019Oriental, qui a sign\u00e9 r\u00e9cemment une convention de partenariat et de coop\u00e9ration avec la FMPR, ainsi que d\u2019acteurs associatifs et syndicaux.<\/p>\n<\/div>\n<p>L\u2019article <a rel=\"nofollow\" href=\"https:\/\/www.mapoujda.ma\/fr\/la-fmpr-presente-a-oujda-ses-objectifs-et-sa-vision-pour-la-periode-a-venir\/\">La FMPR pr\u00e9sente \u00e0 Oujda ses objectifs et sa vision pour la p\u00e9riode \u00e0 venir<\/a> est apparu en premier sur <a rel=\"nofollow\" href=\"https:\/\/www.mapoujda.ma\/fr\">MapOujda<\/a>.<\/p>\n<\/div>\n<p>Auteur: Soufiane ELAHMAR<br \/>\n<a href=\"https:\/\/www.mapoujda.ma\/fr\/la-fmpr-presente-a-oujda-ses-objectifs-et-sa-vision-pour-la-periode-a-venir\/\">Cliquez ici pour lire l&rsquo;article depuis sa source.<\/a><\/p>\n","protected":false},"excerpt":{"rendered":"<p>La F\u00e9d\u00e9ration marocaine de la presse r\u00e9gionale (FMPR) a pr\u00e9sent\u00e9, samedi \u00e0 Oujda, ses objectifs et sa vision pour la p\u00e9riode \u00e0 venir, dans le but de contribuer \u00e0 la promotion de la presse r\u00e9gionale et au rayonnement de la r\u00e9gion de l\u2019Oriental. La vision d\u2019avenir de la FMPR a \u00e9t\u00e9 pr\u00e9sent\u00e9e lors d\u2019une rencontre [&hellip;]<\/p>\n","protected":false},"author":1788,"featured_media":0,"comment_status":"closed","ping_status":"closed","sticky":false,"template":"","format":"standard","meta":{"fifu_image_url":"https:\/\/www.mapoujda.ma\/map\/uploads\/2022\/02\/Logo-de-La-F\u00e9d\u00e9ration-marocaine-de-la-presse-r\u00e9gionale-750\u00d7430.jpg","fifu_image_alt":"La FMPR pr\u00e9sente \u00e0 Oujda ses objectifs et sa vision pour la p\u00e9riode \u00e0 venir","footnotes":""},"categories":[54,76],"tags":[],"class_list":["post-141245","post","type-post","status-publish","format-standard","hentry","category-maroc","category-regions"],"_links":{"self":[{"href":"https:\/\/linitiative.ca\/International\/wp-json\/wp\/v2\/posts\/141245","targetHints":{"allow":["GET"]}}],"collection":[{"href":"https:\/\/linitiative.ca\/International\/wp-json\/wp\/v2\/posts"}],"about":[{"href":"https:\/\/linitiative.ca\/International\/wp-json\/wp\/v2\/types\/post"}],"author":[{"embeddable":true,"href":"https:\/\/linitiative.ca\/International\/wp-json\/wp\/v2\/users\/1788"}],"replies":[{"embeddable":true,"href":"https:\/\/linitiative.ca\/International\/wp-json\/wp\/v2\/comments?post=141245"}],"version-history":[{"count":0,"href":"https:\/\/linitiative.ca\/International\/wp-json\/wp\/v2\/posts\/141245\/revisions"}],"wp:attachment":[{"href":"https:\/\/linitiative.ca\/International\/wp-json\/wp\/v2\/media?parent=141245"}],"wp:term":[{"taxonomy":"category","embeddable":true,"href":"https:\/\/linitiative.ca\/International\/wp-json\/wp\/v2\/categories?post=141245"},{"taxonomy":"post_tag","embeddable":true,"href":"https:\/\/linitiative.ca\/International\/wp-json\/wp\/v2\/tags?post=141245"}],"curies":[{"name":"wp","href":"https:\/\/api.w.org\/{rel}","templated":true}]}}