{"id":141248,"date":"2022-02-19T05:36:34","date_gmt":"2022-02-19T10:36:34","guid":{"rendered":"https:\/\/linitiative.ca\/International\/khouribga-nouvelle-installation-industrielle-de-menara-prefa\/"},"modified":"2022-02-19T05:36:34","modified_gmt":"2022-02-19T10:36:34","slug":"khouribga-nouvelle-installation-industrielle-de-menara-prefa","status":"publish","type":"post","link":"https:\/\/linitiative.ca\/International\/khouribga-nouvelle-installation-industrielle-de-menara-prefa\/","title":{"rendered":"Khouribga: Nouvelle installation industrielle de M\u00e9nara Pr\u00e9fa"},"content":{"rendered":"<div>\n<div class=\"field field-name-body field-type-text-with-summary field-label-hidden\">\n<div class=\"field-items\">\n<div class=\"field-item even\" property=\"content:encoded\">\n<p>M\u00e9nara Pr\u00e9fa, filiale du Groupe M\u00e9nara Holding, a annonc\u00e9 avoir proc\u00e9d\u00e9, vendredi, au lancement d\u2019une nouvelle installation industrielle sur son site de Khouribga.<\/p>\n<\/div>\n<\/div>\n<\/div>\n<\/div>\n<p>Auteur: mbasraoui<br \/>\n<a href=\"https:\/\/www.leconomiste.com\/flash-infos\/khouribga-nouvelle-installation-industrielle-de-menara-prefa\">Cliquez ici pour lire l&rsquo;article depuis sa source.<\/a><\/p>\n","protected":false},"excerpt":{"rendered":"<p>M\u00e9nara Pr\u00e9fa, filiale du Groupe M\u00e9nara Holding, a annonc\u00e9 avoir proc\u00e9d\u00e9, vendredi, au lancement d\u2019une nouvelle installation industrielle sur son site de Khouribga. Auteur: mbasraoui Cliquez ici pour lire l&rsquo;article depuis sa source.<\/p>\n","protected":false},"author":1763,"featured_media":0,"comment_status":"closed","ping_status":"closed","sticky":false,"template":"","format":"standard","meta":{"fifu_image_url":"","fifu_image_alt":"","footnotes":""},"categories":[78,54],"tags":[],"class_list":["post-141248","post","type-post","status-publish","format-standard","hentry","category-economie","category-maroc"],"_links":{"self":[{"href":"https:\/\/linitiative.ca\/International\/wp-json\/wp\/v2\/posts\/141248","targetHints":{"allow":["GET"]}}],"collection":[{"href":"https:\/\/linitiative.ca\/International\/wp-json\/wp\/v2\/posts"}],"about":[{"href":"https:\/\/linitiative.ca\/International\/wp-json\/wp\/v2\/types\/post"}],"author":[{"embeddable":true,"href":"https:\/\/linitiative.ca\/International\/wp-json\/wp\/v2\/users\/1763"}],"replies":[{"embeddable":true,"href":"https:\/\/linitiative.ca\/International\/wp-json\/wp\/v2\/comments?post=141248"}],"version-history":[{"count":0,"href":"https:\/\/linitiative.ca\/International\/wp-json\/wp\/v2\/posts\/141248\/revisions"}],"wp:attachment":[{"href":"https:\/\/linitiative.ca\/International\/wp-json\/wp\/v2\/media?parent=141248"}],"wp:term":[{"taxonomy":"category","embeddable":true,"href":"https:\/\/linitiative.ca\/International\/wp-json\/wp\/v2\/categories?post=141248"},{"taxonomy":"post_tag","embeddable":true,"href":"https:\/\/linitiative.ca\/International\/wp-json\/wp\/v2\/tags?post=141248"}],"curies":[{"name":"wp","href":"https:\/\/api.w.org\/{rel}","templated":true}]}}