{"id":141249,"date":"2022-02-19T10:07:27","date_gmt":"2022-02-19T15:07:27","guid":{"rendered":"https:\/\/linitiative.ca\/International\/deces-de-lex-batonnier-de-lordre-des-avocats-de-casablanca-abdellatif-bouachrine\/"},"modified":"2022-02-19T10:07:27","modified_gmt":"2022-02-19T15:07:27","slug":"deces-de-lex-batonnier-de-lordre-des-avocats-de-casablanca-abdellatif-bouachrine","status":"publish","type":"post","link":"https:\/\/linitiative.ca\/International\/deces-de-lex-batonnier-de-lordre-des-avocats-de-casablanca-abdellatif-bouachrine\/","title":{"rendered":"D\u00e9c\u00e8s de l&rsquo;ex-b\u00e2tonnier de l\u2019Ordre des avocats de Casablanca Abdellatif Bouachrine"},"content":{"rendered":"<div>\n<div class=\"field field-name-body field-type-text-with-summary field-label-hidden\">\n<div class=\"field-items\">\n<div class=\"field-item even\" property=\"content:encoded\">\n<p class=\"rtejustify\">L&rsquo;ex-b\u00e2tonnier de l\u2019Ordre des avocats de Casablanca, Abdellatif Bouachrine est d\u00e9c\u00e9d\u00e9, samedi, \u00e0 l&rsquo;h\u00f4pital Cheikh Zayed de Rabat, a-t-on appris aupr\u00e8s de l&rsquo;Ordre.<\/p>\n<p class=\"rtejustify\">Selon la m\u00eame source, feu Bouachrine s&rsquo;est \u00e9teint apr\u00e8s avoir \u00e9t\u00e9 admis en service de r\u00e9animation.<\/p>\n<\/div>\n<\/div>\n<\/div>\n<\/div>\n<p>Auteur: mbasraoui<br \/>\n<a href=\"https:\/\/www.leconomiste.com\/flash-infos\/deces-de-l-ex-batonnier-de-l-ordre-des-avocats-de-casablanca-abdellatif-bouachrine\">Cliquez ici pour lire l&rsquo;article depuis sa source.<\/a><\/p>\n","protected":false},"excerpt":{"rendered":"<p>L&rsquo;ex-b\u00e2tonnier de l\u2019Ordre des avocats de Casablanca, Abdellatif Bouachrine est d\u00e9c\u00e9d\u00e9, samedi, \u00e0 l&rsquo;h\u00f4pital Cheikh Zayed de Rabat, a-t-on appris aupr\u00e8s de l&rsquo;Ordre. Selon la m\u00eame source, feu Bouachrine s&rsquo;est \u00e9teint apr\u00e8s avoir \u00e9t\u00e9 admis en service de r\u00e9animation. Auteur: mbasraoui Cliquez ici pour lire l&rsquo;article depuis sa source.<\/p>\n","protected":false},"author":1763,"featured_media":0,"comment_status":"closed","ping_status":"closed","sticky":false,"template":"","format":"standard","meta":{"fifu_image_url":"","fifu_image_alt":"","footnotes":""},"categories":[78,54],"tags":[],"class_list":["post-141249","post","type-post","status-publish","format-standard","hentry","category-economie","category-maroc"],"_links":{"self":[{"href":"https:\/\/linitiative.ca\/International\/wp-json\/wp\/v2\/posts\/141249","targetHints":{"allow":["GET"]}}],"collection":[{"href":"https:\/\/linitiative.ca\/International\/wp-json\/wp\/v2\/posts"}],"about":[{"href":"https:\/\/linitiative.ca\/International\/wp-json\/wp\/v2\/types\/post"}],"author":[{"embeddable":true,"href":"https:\/\/linitiative.ca\/International\/wp-json\/wp\/v2\/users\/1763"}],"replies":[{"embeddable":true,"href":"https:\/\/linitiative.ca\/International\/wp-json\/wp\/v2\/comments?post=141249"}],"version-history":[{"count":0,"href":"https:\/\/linitiative.ca\/International\/wp-json\/wp\/v2\/posts\/141249\/revisions"}],"wp:attachment":[{"href":"https:\/\/linitiative.ca\/International\/wp-json\/wp\/v2\/media?parent=141249"}],"wp:term":[{"taxonomy":"category","embeddable":true,"href":"https:\/\/linitiative.ca\/International\/wp-json\/wp\/v2\/categories?post=141249"},{"taxonomy":"post_tag","embeddable":true,"href":"https:\/\/linitiative.ca\/International\/wp-json\/wp\/v2\/tags?post=141249"}],"curies":[{"name":"wp","href":"https:\/\/api.w.org\/{rel}","templated":true}]}}