{"id":141253,"date":"2022-02-19T06:21:00","date_gmt":"2022-02-19T11:21:00","guid":{"rendered":"https:\/\/linitiative.ca\/International\/estelle-denis-revient-sur-sa-separation-avec-domenech\/"},"modified":"2022-02-19T06:21:00","modified_gmt":"2022-02-19T11:21:00","slug":"estelle-denis-revient-sur-sa-separation-avec-domenech","status":"publish","type":"post","link":"https:\/\/linitiative.ca\/International\/estelle-denis-revient-sur-sa-separation-avec-domenech\/","title":{"rendered":"Estelle Denis revient sur sa s\u00e9paration avec Domenech"},"content":{"rendered":"<div>Estelle Denis a \u00e9voqu\u00e9 dans les colonnes de TV Magazine sur la fin de son couple avec Raymond Domenech<\/div>\n<p>Auteur:<br \/>\n<a href=\"https:\/\/www.lebuteur.com\/article\/detail?titre=estelle-denis-revient-sur-sa-separation-avec-domenech&#038;id=102330\">Cliquez ici pour lire l&rsquo;article depuis sa source.<\/a><\/p>\n","protected":false},"excerpt":{"rendered":"<p>Estelle Denis a \u00e9voqu\u00e9 dans les colonnes de TV Magazine sur la fin de son couple avec Raymond Domenech Auteur: Cliquez ici pour lire l&rsquo;article depuis sa source.<\/p>\n","protected":false},"author":1738,"featured_media":0,"comment_status":"closed","ping_status":"closed","sticky":false,"template":"","format":"standard","meta":{"fifu_image_url":"","fifu_image_alt":"","footnotes":""},"categories":[53,75],"tags":[],"class_list":["post-141253","post","type-post","status-publish","format-standard","hentry","category-algerie","category-sport"],"_links":{"self":[{"href":"https:\/\/linitiative.ca\/International\/wp-json\/wp\/v2\/posts\/141253","targetHints":{"allow":["GET"]}}],"collection":[{"href":"https:\/\/linitiative.ca\/International\/wp-json\/wp\/v2\/posts"}],"about":[{"href":"https:\/\/linitiative.ca\/International\/wp-json\/wp\/v2\/types\/post"}],"author":[{"embeddable":true,"href":"https:\/\/linitiative.ca\/International\/wp-json\/wp\/v2\/users\/1738"}],"replies":[{"embeddable":true,"href":"https:\/\/linitiative.ca\/International\/wp-json\/wp\/v2\/comments?post=141253"}],"version-history":[{"count":0,"href":"https:\/\/linitiative.ca\/International\/wp-json\/wp\/v2\/posts\/141253\/revisions"}],"wp:attachment":[{"href":"https:\/\/linitiative.ca\/International\/wp-json\/wp\/v2\/media?parent=141253"}],"wp:term":[{"taxonomy":"category","embeddable":true,"href":"https:\/\/linitiative.ca\/International\/wp-json\/wp\/v2\/categories?post=141253"},{"taxonomy":"post_tag","embeddable":true,"href":"https:\/\/linitiative.ca\/International\/wp-json\/wp\/v2\/tags?post=141253"}],"curies":[{"name":"wp","href":"https:\/\/api.w.org\/{rel}","templated":true}]}}