{"id":141257,"date":"2022-02-19T03:00:00","date_gmt":"2022-02-19T08:00:00","guid":{"rendered":"https:\/\/linitiative.ca\/International\/ammar-mahjoubi-justice-clemence-et-equite\/"},"modified":"2022-02-19T03:00:00","modified_gmt":"2022-02-19T08:00:00","slug":"ammar-mahjoubi-justice-clemence-et-equite","status":"publish","type":"post","link":"https:\/\/linitiative.ca\/International\/ammar-mahjoubi-justice-clemence-et-equite\/","title":{"rendered":"Ammar Mahjoubi: Justice, cl\u00e9mence et \u00e9quit\u00e9"},"content":{"rendered":"<div><img decoding=\"async\" src=\"https:\/\/linitiative.ca\/International\/wp-content\/uploads\/sites\/23\/2022\/02\/1645200898_article.jpg\" alt=\"Ammar Mahjoubi: Justice, cl\u00e9mence et \u00e9quit\u00e9\" align=\"left\">Je relisais derni\u00e8rement, dans \u00abLe pain et le cirque\u00bb, les pages de Veyne sur \u00abLes bienfaits du prince\u00bb. Pour mieux distinguer les attitudes plurielles dans l\u2019activit\u00e9 et les d\u00e9cisions souveraines du monarque, il fait un d\u00e9tour par le trait\u00e9 de S\u00e9n\u00e8que \u00abSur la cl\u00e9mence\u00bb, qui le m\u00e8ne jusqu\u2019\u00e0 Platon, dans \u00abLe Politique\u00bb et jusqu\u2019au proverbe latin qui d\u00e9cr\u00e8te: \u00abSummum jus, summa injuria\u00bb, affirmant que le comble de la l\u00e9galit\u00e9 est le comble de l\u2019injustice. Cet aphorisme, soutenu par le proverbe, peut avoir deux sens totalement diff\u00e9rents : ou bien cette l\u00e9galit\u00e9 est conforme \u00e0 la stricte justice, mais non \u00e0 une justice sup\u00e9rieure, \u00e9minente, celle de la &#8230;<\/p>\n<\/div>\n<p>Auteur:<br \/>\n<a href=\"https:\/\/www.leaders.com.tn\/article\/32983-ammar-mahjoubi-justice-clemence-et-equite\">Cliquez ici pour lire l&rsquo;article depuis sa source.<\/a><\/p>\n","protected":false},"excerpt":{"rendered":"<p>Je relisais derni\u00e8rement, dans \u00abLe pain et le cirque\u00bb, les pages de Veyne sur \u00abLes bienfaits du prince\u00bb. Pour mieux distinguer les attitudes plurielles dans l\u2019activit\u00e9 et les d\u00e9cisions souveraines du monarque, il fait un d\u00e9tour par le trait\u00e9 de S\u00e9n\u00e8que \u00abSur la cl\u00e9mence\u00bb, qui le m\u00e8ne jusqu\u2019\u00e0 Platon, dans \u00abLe Politique\u00bb et jusqu\u2019au proverbe [&hellip;]<\/p>\n","protected":false},"author":1772,"featured_media":0,"comment_status":"closed","ping_status":"closed","sticky":false,"template":"","format":"standard","meta":{"fifu_image_url":"http:\/\/www.leaders.com.tn\/uploads\/content\/thumbnails_small\/1645200898_article.jpg","fifu_image_alt":"Ammar Mahjoubi: Justice, cl\u00e9mence et \u00e9quit\u00e9","footnotes":""},"categories":[73,55],"tags":[],"class_list":["post-141257","post","type-post","status-publish","format-standard","hentry","category-actualite","category-tunisie"],"_links":{"self":[{"href":"https:\/\/linitiative.ca\/International\/wp-json\/wp\/v2\/posts\/141257","targetHints":{"allow":["GET"]}}],"collection":[{"href":"https:\/\/linitiative.ca\/International\/wp-json\/wp\/v2\/posts"}],"about":[{"href":"https:\/\/linitiative.ca\/International\/wp-json\/wp\/v2\/types\/post"}],"author":[{"embeddable":true,"href":"https:\/\/linitiative.ca\/International\/wp-json\/wp\/v2\/users\/1772"}],"replies":[{"embeddable":true,"href":"https:\/\/linitiative.ca\/International\/wp-json\/wp\/v2\/comments?post=141257"}],"version-history":[{"count":0,"href":"https:\/\/linitiative.ca\/International\/wp-json\/wp\/v2\/posts\/141257\/revisions"}],"wp:attachment":[{"href":"https:\/\/linitiative.ca\/International\/wp-json\/wp\/v2\/media?parent=141257"}],"wp:term":[{"taxonomy":"category","embeddable":true,"href":"https:\/\/linitiative.ca\/International\/wp-json\/wp\/v2\/categories?post=141257"},{"taxonomy":"post_tag","embeddable":true,"href":"https:\/\/linitiative.ca\/International\/wp-json\/wp\/v2\/tags?post=141257"}],"curies":[{"name":"wp","href":"https:\/\/api.w.org\/{rel}","templated":true}]}}